{"id":350,"date":"2020-04-09T06:51:00","date_gmt":"2020-04-09T06:51:00","guid":{"rendered":"https:\/\/blog.cine-art-loisir.fr\/?p=350"},"modified":"2020-04-11T07:55:40","modified_gmt":"2020-04-11T07:55:40","slug":"jesus-de-nazareth","status":"publish","type":"post","link":"https:\/\/www.cine-art-loisir.com\/blog\/2020\/04\/09\/jesus-de-nazareth\/","title":{"rendered":"Les douze Ap\u00f4tres de J\u00e9sus-Christ"},"content":{"rendered":"\n<p>Les Ap\u00f4tres \u00e9taient des disciples de Notre-Seigneur J\u00e9sus-Christ \u00e0 qui il conf\u00e9ra le sacerdoce <a href=\"https:\/\/www.cine-art-loisir.com\/blog\/2020\/04\/09\/jeudi-saint-la-cene\/\">lors de la C\u00e8ne<\/a>. Ils diffus\u00e8rent le christianisme \u00e0 travers leurs voyages missionnaires et, pour certains d\u2019entre eux, par leurs \u00e9crits (\u00c9vangiles, \u00c9p\u00eetres, Actes des Ap\u00f4tres). Ils furent les premiers \u00e9v\u00eaques.<\/p>\n\n\n\n<h2 class=\"wp-block-heading\">Saint Pierre<\/h2>\n\n\n\n<div class=\"wp-block-image\"><figure class=\"aligncenter size-large\"><img data-recalc-dims=\"1\" loading=\"lazy\" decoding=\"async\" width=\"780\" height=\"608\" src=\"https:\/\/i0.wp.com\/www.cine-art-loisir.com\/blog\/wp-content\/uploads\/2020\/04\/P1230489.jpg?resize=780%2C608&#038;ssl=1\" alt=\"\" class=\"wp-image-4626\" srcset=\"https:\/\/i0.wp.com\/www.cine-art-loisir.com\/blog\/wp-content\/uploads\/2020\/04\/P1230489.jpg?w=1000&amp;ssl=1 1000w, https:\/\/i0.wp.com\/www.cine-art-loisir.com\/blog\/wp-content\/uploads\/2020\/04\/P1230489.jpg?resize=300%2C234&amp;ssl=1 300w, https:\/\/i0.wp.com\/www.cine-art-loisir.com\/blog\/wp-content\/uploads\/2020\/04\/P1230489.jpg?resize=768%2C598&amp;ssl=1 768w\" sizes=\"auto, (max-width: 780px) 100vw, 780px\" \/><\/figure><\/div>\n\n\n\n<p>Saint Pierre est l\u2019un des premiers \u00ab&nbsp;appel\u00e9s&nbsp;\u00bb par J\u00e9sus, qui changea son nom de Simon en celui de <em>Pierre<\/em>, <em>roc<\/em> sur lequel il \u00ab&nbsp;b\u00e2tirait son \u00c9glise&nbsp;\u00bb. Le nom de Pierre r\u00e9v\u00e8le donc la mission que J\u00e9sus confie \u00e0 Simon. En lui donnant ce nouveau nom, J\u00e9sus invite le p\u00eacheur de Galil\u00e9e \u00e0 devenir le rocher sur lequel sera fond\u00e9e l\u2019\u00c9glise.<\/p>\n\n\n\n<p>Pour r\u00e9pondre \u00e0 sa mission, l\u2019ap\u00f4tre, dont la foi est ardente, devra apprendre du Seigneur l\u2019humilit\u00e9 et l\u2019amour qui feront de lui le symbole vivant de l\u2019unique Pasteur. J\u00e9sus confirmera Pierre dans son r\u00f4le de \u00ab&nbsp;chef des ap\u00f4tres&nbsp;\u00bb, apr\u00e8s sa R\u00e9surrection.<\/p>\n\n\n\n<p>L\u2019ap\u00f4tre organisera les \u00e9glises jud\u00e9o-chr\u00e9tiennes de Samarie et de la c\u00f4te m\u00e9diterran\u00e9enne. Il soutiendra ceux qui \u00e9taient convertis au christianisme \u00e0 Antioche et qui ne respectaient plus les rituels juda\u00efques, tels la circoncision et les restrictions alimentaires.<\/p>\n\n\n\n<p>Ses \u00c9p\u00eetres ont \u00e9t\u00e9 \u00e9crites entre 57 et 60. Il d\u00e9c\u00e9dera \u00e0 Rome en 64 ou 67 (selon les sources) en devenant l\u2019un des nombreux martyrs de la cit\u00e9.<\/p>\n\n\n\n<p>Dans son dialogue avec son Seigneur ressuscit\u00e9, Pierre apprendra comment devenir le mod\u00e8le de ceux qui ont \u00e0 exercer l\u2019autorit\u00e9 dans l\u2019\u00c9glise&nbsp;: le chef de l\u2019\u00c9glise devra l\u2019unifier, non en la dominant mais en la servant avec un amour dont J\u00e9sus soit \u00e0 la fois l\u2019objet et le mod\u00e8le.<\/p>\n\n\n\n<p>Pierre faisait partie du groupe d\u2019intimes de J\u00e9sus, avec Jacques et Jean, il avait un temp\u00e9rament fougueux, il \u00e9tait droit. C\u2019est lui qui, \u00e0 C\u00e9sar\u00e9e, fit la belle profession de foi, lorsque J\u00e9sus demanda \u00e0 ses disciples&nbsp;: \u00ab&nbsp;Pour vous, qui suis-je&nbsp;?&nbsp;\u00bb. Au nom de tous Pierre r\u00e9pondit&nbsp;: \u00ab&nbsp;Tu es le Christ, le Fils du Dieu vivant&nbsp;\u00bb. J\u00e9sus lui dit&nbsp;: \u00ab&nbsp;C\u2019est le P\u00e8re qui te l\u2019a r\u00e9v\u00e9l\u00e9&nbsp;\u00bb.<\/p>\n\n\n\n<p>Pierre assistera \u00e0 la Transfiguration de J\u00e9sus et \u00e0 son agonie \u00e0 Geths\u00e9mani&nbsp;; il suivra J\u00e9sus lors de son arrestation, avant de le renier \u00e0 trois reprises lors du proc\u00e8s. Il regrettera sa l\u00e2chet\u00e9 et sera pardonn\u00e9 par J\u00e9sus apr\u00e8s sa R\u00e9surrection.<\/p>\n\n\n\n<p>La foi de Pierre est le rocher sur lequel repose l\u2019\u00c9glise. Mais, si le service de Pierre est d\u2019assurer \u00e0 l\u2019\u00c9glise, par son enseignement, \u00ab&nbsp;une foi in\u00e9branlable&nbsp;\u00bb, il est encore de faire l\u2019unit\u00e9 des chr\u00e9tiens, de \u00ab&nbsp;pr\u00e9sider \u00e0 la charit\u00e9&nbsp;\u00bb.<\/p>\n\n\n\n<p>Ce qui fut la mission de Pierre aux origines est demeur\u00e9 au cours des \u00e2ges celle de ses successeurs sur la Chaire \u00e9piscopale de Rome&nbsp;: les papes de l\u2019\u00c9glise catholique.<\/p>\n\n\n\n<p class=\"has-text-align-right\"><em><strong>Pour lire la suite, cliquez ci-dessous sur la page suivante.<\/strong><\/em><\/p>\n\n\n\n<!--nextpage-->\n\n\n\n<h2 class=\"wp-block-heading\">Saint Andr\u00e9<\/h2>\n\n\n\n<div class=\"wp-block-image\"><figure class=\"aligncenter size-large\"><img data-recalc-dims=\"1\" loading=\"lazy\" decoding=\"async\" width=\"780\" height=\"575\" src=\"https:\/\/i0.wp.com\/www.cine-art-loisir.com\/blog\/wp-content\/uploads\/2020\/04\/scene-blog-009.jpg?resize=780%2C575&#038;ssl=1\" alt=\"\" class=\"wp-image-4635\" srcset=\"https:\/\/i0.wp.com\/www.cine-art-loisir.com\/blog\/wp-content\/uploads\/2020\/04\/scene-blog-009.jpg?w=1000&amp;ssl=1 1000w, https:\/\/i0.wp.com\/www.cine-art-loisir.com\/blog\/wp-content\/uploads\/2020\/04\/scene-blog-009.jpg?resize=300%2C221&amp;ssl=1 300w, https:\/\/i0.wp.com\/www.cine-art-loisir.com\/blog\/wp-content\/uploads\/2020\/04\/scene-blog-009.jpg?resize=768%2C566&amp;ssl=1 768w\" sizes=\"auto, (max-width: 780px) 100vw, 780px\" \/><\/figure><\/div>\n\n\n\n<p>L\u2019Ap\u00f4tre Andr\u00e9 est le deuxi\u00e8me ap\u00f4tre cit\u00e9 par saint Mathieu et saint Marc. <\/p>\n\n\n\n<p>Fr\u00e8re de Pierre et p\u00eacheur comme lui \u00e0 Bethsa\u00efde, il \u00e9tait disciple de saint Jean-Baptiste. \u00c9clair\u00e9 par le t\u00e9moignage de son ma\u00eetre, il reconna\u00eet en J\u00e9sus le Messie, et fait partager sa d\u00e9couverte \u00e0 son fr\u00e8re Simon-Pierre. Il fut le premier des ap\u00f4tres \u00e0 rencontrer J\u00e9sus sur le bord du Jourdain au lendemain de son bapt\u00eame. C\u2019est pour cette raison qu\u2019on lui donne le titre de \u00ab&nbsp;Protoklite&nbsp;\u00bb ou \u00ab&nbsp;Premier appel\u00e9&nbsp;\u00bb.<\/p>\n\n\n\n<p>C\u2019est donc Andr\u00e9 qui conduisit Pierre \u00e0 J\u00e9sus, en attendant, au bord de la mer de Galil\u00e9e, que le Seigneur les appel\u00e2t l\u2019un et l\u2019autre \u00e0 tout quitter pour le suivre et devenir <em>p\u00eacheurs d\u2019hommes<\/em>.<\/p>\n\n\n\n<p>Dans son culte, l\u2019\u00c9glise a toujours fait une place de choix \u00e0 celui qu\u2019elle pr\u00e9sente en ces termes&nbsp;: \u00ab&nbsp;Andr\u00e9, serviteur du Christ, digne Ap\u00f4tre de Dieu, fr\u00e8re de Pierre et compagnon dans le martyre&nbsp;\u00bb.<\/p>\n\n\n\n<p>En effet, les deux fr\u00e8res ont subi le m\u00eame mode de supplice. Saint Andr\u00e9 a \u00e9t\u00e9 crucifi\u00e9 \u00e0 Patras (Gr\u00e8ce) en pr\u00e9sence du peuple, et saint Pierre le fut \u00e0 Rome dans le cirque de N\u00e9ron. La croix de supplice sur laquelle il a \u00e9t\u00e9 crucifi\u00e9 \u00e9tait en forme de X. D\u2019o\u00f9 le nom de \u00ab&nbsp;croix de Saint Andr\u00e9&nbsp;\u00bb, que l\u2019on donne aux croix qui ont cette forme.<\/p>\n\n\n\n<p>Apr\u00e8s la Pentec\u00f4te, Andr\u00e9 partit pr\u00eacher l\u2019\u00c9vangile, au cours d\u2019un long voyage, tout autour des c\u00f4tes de la mer Noire. Ses voyages l\u2019amen\u00e8rent en Bithynie (c\u00f4te turque), \u00e0 \u00c9ph\u00e8se, en M\u00e9sopotamie, en Ukraine actuelle, en Thrace (r\u00e9gion entre le Bosphore et le Danube) puis \u00e0 Byzance et finalement en Acha\u00efe (r\u00e9gion au nord du P\u00e9loponn\u00e8se).<\/p>\n\n\n\n<p>Au quatri\u00e8me si\u00e8cle, ses reliques furent transport\u00e9es \u00e0 Constantinople, mais elles reposent aujourd\u2019hui \u00e0 Amalfi en Italie. N\u00e9anmoins, dans les ann\u00e9es soixante, une grande partie des reliques du saint et de sa croix a \u00e9t\u00e9 restitu\u00e9e \u00e0 l\u2019\u00c9glise de Gr\u00e8ce. Dans la ville de Patras, on construisit une grande \u00e9glise pour les abriter.<\/p>\n\n\n\n<p>Outre l\u2019\u00e9glise de Constantinople, la ville de Patras, et le monast\u00e8re du Cap-Saint-Andr\u00e9 \u00e0 Chypre, de nombreux lieux et communes de par le monde portent le nom de saint Andr\u00e9, en particulier Santander dont la croix figure sur le drapeau basque.<\/p>\n\n\n\n<p class=\"has-text-align-right\"><em><strong>Pour lire la suite, cliquez ci-dessous sur la page suivante.<\/strong><\/em><\/p>\n\n\n\n<!--nextpage-->\n\n\n\n<h2 class=\"wp-block-heading\">Saint Jacques le Majeur<\/h2>\n\n\n\n<div class=\"wp-block-image\"><figure class=\"aligncenter size-large\"><img data-recalc-dims=\"1\" loading=\"lazy\" decoding=\"async\" width=\"780\" height=\"585\" src=\"https:\/\/i0.wp.com\/www.cine-art-loisir.com\/blog\/wp-content\/uploads\/2020\/04\/P1230491-1.jpg?resize=780%2C585&#038;ssl=1\" alt=\"\" class=\"wp-image-4643\" srcset=\"https:\/\/i0.wp.com\/www.cine-art-loisir.com\/blog\/wp-content\/uploads\/2020\/04\/P1230491-1.jpg?w=1000&amp;ssl=1 1000w, https:\/\/i0.wp.com\/www.cine-art-loisir.com\/blog\/wp-content\/uploads\/2020\/04\/P1230491-1.jpg?resize=300%2C225&amp;ssl=1 300w, https:\/\/i0.wp.com\/www.cine-art-loisir.com\/blog\/wp-content\/uploads\/2020\/04\/P1230491-1.jpg?resize=768%2C576&amp;ssl=1 768w\" sizes=\"auto, (max-width: 780px) 100vw, 780px\" \/><\/figure><\/div>\n\n\n\n<p>Dans le Nouveau Testament, Jacques le Majeur est nomm\u00e9 \u00ab&nbsp;Jacques, fils de Z\u00e9b\u00e9d\u00e9e&nbsp;\u00bb. Son \u00e9pith\u00e8te <em>le Majeur<\/em> lui vient de sa grande anciennet\u00e9 parmi les ap\u00f4tres du Christ. Cela permet aussi de le distinguer de l\u2019autre ap\u00f4tre \u00ab&nbsp;Jacques, fils d\u2019Alph\u00e9e&nbsp;\u00bb. Sa m\u00e8re est Marie Salom\u00e9. P\u00eacheurs \u00e0 Capharna\u00fcm au bord du lac de Tib\u00e9riade, le Seigneur les appelle lorsqu\u2019ils sont occup\u00e9s \u00e0 r\u00e9parer leurs filets. Ils le suivent. Leur temp\u00e9rament ardent, g\u00e9n\u00e9reux et emport\u00e9 leur vaut d\u2019\u00eatre surnomm\u00e9s par J\u00e9sus \u00ab&nbsp;fils du tonnerre&nbsp;\u00bb.<\/p>\n\n\n\n<p>Jacques, avec son fr\u00e8re Jean et avec Simon-Pierre, faisait partie des intimes de J\u00e9sus. Ils furent tous trois t\u00e9moins de sa Transfiguration et de son agonie.<\/p>\n\n\n\n<p>Il sera le premier des douze Ap\u00f4tres \u00e0 subir le martyre, d\u00e9capit\u00e9 en 44 apr\u00e8s J\u00e9sus-Christ \u00e0 J\u00e9rusalem sur ordre du roi H\u00e9rode Agrippa.<\/p>\n\n\n\n<p>D\u2019apr\u00e8s les r\u00e9cits, saint Jacques partit du Proche-Orient pr\u00eacher dans la p\u00e9ninsule ib\u00e9rique, puis \u00e0 J\u00e9rusalem. Ses compagnons transport\u00e8rent ses reliques en Galice et le tombeau aurait \u00e9t\u00e9 retrouv\u00e9 quelques centaines d\u2019ann\u00e9es plus tard, au IXe si\u00e8cle par un ermite qui eu une r\u00e9v\u00e9lation dans son sommeil. Selon cette tradition chr\u00e9tienne, le tombeau de saint Jacques reposerait donc en Galice, dans la ville de Compostelle.<\/p>\n\n\n\n<p>Th\u00e9odomir, \u00e9v\u00eaque d\u2019Ira-Flavia reconnut ce tombeau comme \u00e9tant celui de saint Jacques au IXe si\u00e8cle. Le roi Alphonse II y fit \u00e9difier une \u00e9glise. Puis le pape L\u00e9on XIII officialisa la reconnaissance du tombeau de saint Jacques en 1884.<\/p>\n\n\n\n<p>Le p\u00e8lerinage de Saint-Jacques de Compostelle devint l\u2019un des plus importants du Moyen Age. De nombreux chemins menaient \u00e0 Compostelle depuis toute l\u2019Europe occidentale. Aujourd\u2019hui encore, des dizaines de milliers de p\u00e8lerins continuent de se rendre \u00e0 Compostelle chaque ann\u00e9e.<\/p>\n\n\n\n<p class=\"has-text-align-right\"><em><strong>Pour lire la suite, cliquez ci-dessous sur la page suivante.<\/strong><\/em><\/p>\n\n\n\n<!--nextpage-->\n\n\n\n<h2 class=\"wp-block-heading\">Saint Jean<\/h2>\n\n\n\n<div class=\"wp-block-image\"><figure class=\"aligncenter size-large\"><img data-recalc-dims=\"1\" loading=\"lazy\" decoding=\"async\" width=\"780\" height=\"585\" src=\"https:\/\/i0.wp.com\/www.cine-art-loisir.com\/blog\/wp-content\/uploads\/2020\/04\/scene-blog-006.jpg?resize=780%2C585&#038;ssl=1\" alt=\"\" class=\"wp-image-4633\" srcset=\"https:\/\/i0.wp.com\/www.cine-art-loisir.com\/blog\/wp-content\/uploads\/2020\/04\/scene-blog-006.jpg?w=1000&amp;ssl=1 1000w, https:\/\/i0.wp.com\/www.cine-art-loisir.com\/blog\/wp-content\/uploads\/2020\/04\/scene-blog-006.jpg?resize=300%2C225&amp;ssl=1 300w, https:\/\/i0.wp.com\/www.cine-art-loisir.com\/blog\/wp-content\/uploads\/2020\/04\/scene-blog-006.jpg?resize=768%2C576&amp;ssl=1 768w\" sizes=\"auto, (max-width: 780px) 100vw, 780px\" \/><\/figure><\/div>\n\n\n\n<p>Fils de Z\u00e9b\u00e9d\u00e9e et disciple de Jean-Baptiste, Jean fut, avec son fr\u00e8re Jacques et son ami Simon-Pierre, choisi par J\u00e9sus pour \u00eatre ap\u00f4tre.<\/p>\n\n\n\n<p>\u00c0 ce disciple, la tradition attribue le quatri\u00e8me \u00e9vangile, trois \u00e9p\u00eetres et l\u2019Apocalypse. Comme Andr\u00e9, il \u00e9tait disciple de Jean-Baptiste jusqu\u2019au moment ou ce dernier d\u00e9signa J\u00e9sus par ces termes&nbsp;: \u00ab&nbsp;Voici l\u2019agneau de Dieu&nbsp;\u00bb. Quittant Jean-Baptiste juste apr\u00e8s le Bapt\u00eame, lorsque J\u00e9sus vint vers lui, il abandonna tout sur-le-champ, pour le suivre avec son fr\u00e8re Jacques.<\/p>\n\n\n\n<p>Une tradition veut qu\u2019il soit rest\u00e9 vierge toute sa vie, ayant \u00e9t\u00e9 choisi comme ap\u00f4tre alors qu\u2019il \u00e9tait sur le point de se marier. Il aurait tellement aim\u00e9 la virginit\u00e9 et l\u2019asc\u00e8se qu\u2019il aurait port\u00e9 aussi le nom de vierge.<\/p>\n\n\n\n<p>Souvent appel\u00e9 \u00ab&nbsp;le bien aim\u00e9 du Seigneur&nbsp;\u00bb, Jean est consid\u00e9r\u00e9 comme l\u2019ap\u00f4tre pr\u00e9f\u00e9r\u00e9 du Christ. De nombreuses repr\u00e9sentations de la C\u00e8ne nous le montrent au c\u00f4t\u00e9 de J\u00e9sus, \u00e9coutant attentivement les paroles du Seigneur, les yeux quelquefois ferm\u00e9s pour mieux \u00e9couter. En effet, dans l\u2019\u00e9vangile que l\u2019on attribue \u00e0 saint Jean, il rapporte avec beaucoup de pr\u00e9cisions les paroles prononc\u00e9es par J\u00e9sus au cours de la C\u00e8ne et en particulier l\u2019envoi de l\u2019Esprit Saint par le P\u00e8re.<\/p>\n\n\n\n<p>Lorsque J\u00e9sus fut arr\u00eat\u00e9 par les soldats romains, Jean le suivit jusque dans la cour du Grand-Pr\u00eatre, et assista \u00e0 la crucifixion. Il a eu le privil\u00e8ge avec Pierre et Jacques, d\u2019assister \u00e0 la Transfiguration de J\u00e9sus et \u00e0 son agonie \u00e0 Geths\u00e9mani. L\u2019\u00c9vangile nous dit aussi que le Christ en croix, avant de rendre l\u2019\u00e2me, donne pour mission \u00e0 Jean de veiller attentivement sur sa m\u00e8re, la Vierge Marie. Il l\u2019accueillit chez lui et fut le dernier \u00e0 rester \u00e0 J\u00e9rusalem pour la servir.<\/p>\n\n\n\n<p>Saint Jean a un lien sp\u00e9cial avec chacun des aspects du Myst\u00e8re du Christ. Cet ap\u00f4tre qui reposa sa t\u00eate sur la poitrine du Seigneur au cours de la derni\u00e8re C\u00e8ne et qui fut le premier des disciples \u00e0 croire en la R\u00e9surrection, peut \u00eatre consid\u00e9r\u00e9 comme le th\u00e9ologien du Myst\u00e8re Pascal. Son \u00c9vangile est d\u2019ailleurs celui qui est le plus lu dans la Liturgie, au fur et \u00e0 mesure que l\u2019on s\u2019approche de la f\u00eate de P\u00e2ques.<\/p>\n\n\n\n<p>Seul de tous les ap\u00f4tres, il a vu mourir le Ma\u00eetre et l\u2019a d\u00e9pos\u00e9 dans son s\u00e9pulcre.<\/p>\n\n\n\n<p>Jean serait mort \u00e0 \u00c9ph\u00e8se en l\u2019an 101, \u00e0 l\u2019\u00e2ge de 98 ans.<\/p>\n\n\n\n<p class=\"has-text-align-right\"><em><strong>Pour lire la suite, cliquez ci-dessous sur la page suivante.<\/strong><\/em><\/p>\n\n\n\n<!--nextpage-->\n\n\n\n<h2 class=\"wp-block-heading\">Saint Philippe<\/h2>\n\n\n\n<div class=\"wp-block-image\"><figure class=\"aligncenter size-large\"><img data-recalc-dims=\"1\" loading=\"lazy\" decoding=\"async\" width=\"780\" height=\"899\" src=\"https:\/\/i0.wp.com\/www.cine-art-loisir.com\/blog\/wp-content\/uploads\/2020\/04\/P1230510.jpg?resize=780%2C899&#038;ssl=1\" alt=\"\" class=\"wp-image-4632\" srcset=\"https:\/\/i0.wp.com\/www.cine-art-loisir.com\/blog\/wp-content\/uploads\/2020\/04\/P1230510.jpg?resize=888%2C1024&amp;ssl=1 888w, https:\/\/i0.wp.com\/www.cine-art-loisir.com\/blog\/wp-content\/uploads\/2020\/04\/P1230510.jpg?resize=260%2C300&amp;ssl=1 260w, https:\/\/i0.wp.com\/www.cine-art-loisir.com\/blog\/wp-content\/uploads\/2020\/04\/P1230510.jpg?resize=768%2C886&amp;ssl=1 768w, https:\/\/i0.wp.com\/www.cine-art-loisir.com\/blog\/wp-content\/uploads\/2020\/04\/P1230510.jpg?w=1000&amp;ssl=1 1000w\" sizes=\"auto, (max-width: 780px) 100vw, 780px\" \/><\/figure><\/div>\n\n\n\n<p>Originaire de Galil\u00e9e, Philippe est n\u00e9 \u00e0 Bethsa\u00efde, sur les bords du lac de Tib\u00e9riade, comme Andr\u00e9 et Pierre. Avec eux, Philippe fut disciple de Jean-Baptiste avant de rencontrer J\u00e9sus et de le suivre.<\/p>\n\n\n\n<p>Le quatri\u00e8me \u00c9vangile nous fait conna\u00eetre Philippe. Il fut un des premiers que J\u00e9sus ait appel\u00e9s \u00e0 le suivre avant m\u00eame le d\u00e9but de la pr\u00e9dication en Galil\u00e9e.<\/p>\n\n\n\n<p>\u00c0 J\u00e9rusalem, c\u2019est \u00e0 Philippe que les Grecs s\u2019adressent pour \u00eatre introduits aupr\u00e8s de J\u00e9sus. Dans les dialogues qui suivent la C\u00e8ne, Philippe r\u00e9v\u00e8le la profondeur de son \u00e2me en s\u2019\u00e9criant \u00ab&nbsp;Seigneur montre nous le P\u00e8re et cela nous suffit&nbsp;\u00bb.<\/p>\n\n\n\n<p>Il fut lapid\u00e9, puis crucifi\u00e9 \u00e0 H\u00e9liopolis en Phrygie sous le r\u00e8gne de l\u2019Empereur Domitien (ou Trajan).<\/p>\n\n\n\n<p>L\u2019Ap\u00f4tre Philippe est g\u00e9n\u00e9ralement repr\u00e9sent\u00e9 jeune&nbsp;; il porte souvent la croix de son supplice et, parfois, des pains qui rappellent son r\u00f4le de la multiplication des pains.<\/p>\n\n\n\n<p class=\"has-text-align-right\"><em><strong>Pour lire la suite, cliquez ci-dessous sur la page suivante.<\/strong><\/em><\/p>\n\n\n\n<!--nextpage-->\n\n\n\n<h2 class=\"wp-block-heading\">Saint Barth\u00e9lemy<\/h2>\n\n\n\n<div class=\"wp-block-image\"><figure class=\"aligncenter size-large\"><img data-recalc-dims=\"1\" loading=\"lazy\" decoding=\"async\" width=\"780\" height=\"585\" src=\"https:\/\/i0.wp.com\/www.cine-art-loisir.com\/blog\/wp-content\/uploads\/2020\/04\/P1230490.jpg?resize=780%2C585&#038;ssl=1\" alt=\"\" class=\"wp-image-4627\" srcset=\"https:\/\/i0.wp.com\/www.cine-art-loisir.com\/blog\/wp-content\/uploads\/2020\/04\/P1230490.jpg?w=1000&amp;ssl=1 1000w, https:\/\/i0.wp.com\/www.cine-art-loisir.com\/blog\/wp-content\/uploads\/2020\/04\/P1230490.jpg?resize=300%2C225&amp;ssl=1 300w, https:\/\/i0.wp.com\/www.cine-art-loisir.com\/blog\/wp-content\/uploads\/2020\/04\/P1230490.jpg?resize=768%2C576&amp;ssl=1 768w\" sizes=\"auto, (max-width: 780px) 100vw, 780px\" \/><\/figure><\/div>\n\n\n\n<p>Saint Barth\u00e9lemy est nomm\u00e9 apr\u00e8s Philippe dans la liste des douze Ap\u00f4tres. Aussi, on peut l\u2019identifier avec Nathana\u00ebl, que Philippe a amen\u00e9 \u00e0 J\u00e9sus, apr\u00e8s avoir rencontr\u00e9 lui-m\u00eame le Ma\u00eetre galil\u00e9en sur les bords du Jourdain. Barth\u00e9lemy, originaire de Cana appartiendrait alors, comme Philippe, au groupe des tout premiers appel\u00e9s, Jean, Andr\u00e9 et Pierre.<\/p>\n\n\n\n<p>On lit dans l\u2019\u00c9vangile le r\u00e9cit de la rencontre de J\u00e9sus avec Barth\u00e9lemy, disant&nbsp;: \u00ab&nbsp;Voici un v\u00e9ritable fils d\u2019Isra\u00ebl, un homme qui ne sait pas mentir&nbsp;\u00bb. La sc\u00e8ne laisse deviner un homme droit et spontan\u00e9, pr\u00eat \u00e0 se donner sans retour quand il a \u00e9t\u00e9 \u00e9bloui par Celui qui, quelques instants plus t\u00f4t, \u00e9tait encore pour lui un inconnu.<\/p>\n\n\n\n<p>Nous ne savons rien de certain sur l\u2019activit\u00e9 apostolique de Barth\u00e9lemy apr\u00e8s la pentec\u00f4te. Certaines traditions la situent en Asie mineure, d\u2019autres en Inde, d\u2019autres encore en perse ou en Arm\u00e9nie.<\/p>\n\n\n\n<p class=\"has-text-align-right\"><em><strong>Pour lire la suite, cliquez ci-dessous sur la page suivante.<\/strong><\/em><\/p>\n\n\n\n<!--nextpage-->\n\n\n\n<h2 class=\"wp-block-heading\">Saint Thomas<\/h2>\n\n\n\n<div class=\"wp-block-image\"><figure class=\"aligncenter size-large\"><img data-recalc-dims=\"1\" loading=\"lazy\" decoding=\"async\" width=\"604\" height=\"1024\" src=\"https:\/\/i0.wp.com\/www.cine-art-loisir.com\/blog\/wp-content\/uploads\/2020\/04\/P1230493.jpg?resize=604%2C1024&#038;ssl=1\" alt=\"\" class=\"wp-image-4629\" srcset=\"https:\/\/i0.wp.com\/www.cine-art-loisir.com\/blog\/wp-content\/uploads\/2020\/04\/P1230493.jpg?resize=604%2C1024&amp;ssl=1 604w, https:\/\/i0.wp.com\/www.cine-art-loisir.com\/blog\/wp-content\/uploads\/2020\/04\/P1230493.jpg?resize=177%2C300&amp;ssl=1 177w, https:\/\/i0.wp.com\/www.cine-art-loisir.com\/blog\/wp-content\/uploads\/2020\/04\/P1230493.jpg?resize=768%2C1303&amp;ssl=1 768w, https:\/\/i0.wp.com\/www.cine-art-loisir.com\/blog\/wp-content\/uploads\/2020\/04\/P1230493.jpg?resize=906%2C1536&amp;ssl=1 906w, https:\/\/i0.wp.com\/www.cine-art-loisir.com\/blog\/wp-content\/uploads\/2020\/04\/P1230493.jpg?w=1000&amp;ssl=1 1000w\" sizes=\"auto, (max-width: 604px) 100vw, 604px\" \/><\/figure><\/div>\n\n\n\n<p>Le nom de Thomas signifie <em>jumeau<\/em> en aram\u00e9en, tout comme son surnom Didyme, qui en est la traduction grecque.<\/p>\n\n\n\n<p>L\u2019Ap\u00f4tre Thomas est le patron des chr\u00e9tiens dont la foi conna\u00eet un doute. On per\u00e7oit l\u2019esprit critique de Thomas dans son dialogue avec J\u00e9sus apr\u00e8s la C\u00e8ne. Alors que J\u00e9sus vient de d\u00e9clarer \u00e0 ses Ap\u00f4tres qu\u2019ils connaissent le chemin du lieu o\u00f9 il va, Thomas interrompt J\u00e9sus avec une certaine vivacit\u00e9&nbsp;: \u00ab&nbsp;Seigneur, nous ne savons m\u00eame pas o\u00f9 tu vas&nbsp;; comment pourrions-nous savoir le chemin&nbsp;?&nbsp;\u00bb Ce qui lui vaut la r\u00e9ponse de J\u00e9sus&nbsp;: \u00ab&nbsp;Moi, je suis le Chemin, la V\u00e9rit\u00e9, la Vie&nbsp;; personne ne va au P\u00e8re sans passer par moi&nbsp;\u00bb.<\/p>\n\n\n\n<p>On sait l\u2019incr\u00e9dulit\u00e9 avec laquelle Thomas accueillit le t\u00e9moignage unanime des autres Ap\u00f4tres, qui avaient vu J\u00e9sus ressuscit\u00e9 le soir de P\u00e2ques. Dans l\u2019\u00c9vangile selon saint Jean, Thomas ne crut pas \u00e0 la r\u00e9surrection avant d\u2019avoir vu lui-m\u00eame les marques de sa Crucifixion. Mais quand, huit jours apr\u00e8s, il d\u00fb se rendre \u00e0 l\u2019\u00e9vidence, il exprima sa foi avec une telle pl\u00e9nitude que la profession de foi de Thomas est devenue celle de l\u2019\u00c9glise.<\/p>\n\n\n\n<p>Thomas, alors qu\u2019il priait dans une grotte de montagne \u00e0 Mylapore pr\u00e8s de Madras, fut arr\u00eat\u00e9 et tu\u00e9, transperc\u00e9 par une lance.<\/p>\n\n\n\n<p>Ces reliques, d\u2019abord v\u00e9n\u00e9r\u00e9es au monast\u00e8re de Mylapore, furent transf\u00e9r\u00e9es, en l\u2019an 394, dans la cit\u00e9 d\u2019Edesse en Asie mineure.<\/p>\n\n\n\n<p>On a d\u00e9couvert en 1945 \u00e0 Nag Hammadi 53 manuscrits datant du IVe si\u00e8cle, dont un <em>\u00c9vangile selon Thomas<\/em>. Auparavant on n\u2019en connaissait que des fragments.<\/p>\n\n\n\n<p class=\"has-text-align-right\"><em><strong>Pour lire la suite, cliquez ci-dessous sur la page suivante.<\/strong><\/em><\/p>\n\n\n\n<!--nextpage-->\n\n\n\n<h2 class=\"wp-block-heading\">Saint Matthieu<\/h2>\n\n\n\n<div class=\"wp-block-image\"><figure class=\"aligncenter size-large\"><img data-recalc-dims=\"1\" loading=\"lazy\" decoding=\"async\" width=\"780\" height=\"980\" src=\"https:\/\/i0.wp.com\/www.cine-art-loisir.com\/blog\/wp-content\/uploads\/2020\/04\/P1230493-2.jpg?resize=780%2C980&#038;ssl=1\" alt=\"\" class=\"wp-image-4628\" srcset=\"https:\/\/i0.wp.com\/www.cine-art-loisir.com\/blog\/wp-content\/uploads\/2020\/04\/P1230493-2.jpg?resize=815%2C1024&amp;ssl=1 815w, https:\/\/i0.wp.com\/www.cine-art-loisir.com\/blog\/wp-content\/uploads\/2020\/04\/P1230493-2.jpg?resize=239%2C300&amp;ssl=1 239w, https:\/\/i0.wp.com\/www.cine-art-loisir.com\/blog\/wp-content\/uploads\/2020\/04\/P1230493-2.jpg?resize=768%2C965&amp;ssl=1 768w, https:\/\/i0.wp.com\/www.cine-art-loisir.com\/blog\/wp-content\/uploads\/2020\/04\/P1230493-2.jpg?w=1000&amp;ssl=1 1000w\" sizes=\"auto, (max-width: 780px) 100vw, 780px\" \/><\/figure><\/div>\n\n\n\n<p>Saint Matthieu est une figure famili\u00e8re parmi les Ap\u00f4tres. N\u00e9 en Galil\u00e9e, de son nom L\u00e9vi, il suivit J\u00e9sus, devint ap\u00f4tre et \u00e9crivit le premier \u00c9vangile en aram\u00e9en. Son \u00c9vangile est celui qui met le mieux en lumi\u00e8re la continuit\u00e9 entre l\u2019Ancien et le Nouveau Testament.<\/p>\n\n\n\n<p>De plus, sa vocation constitue un des \u00e9pisodes les plus populaires de la vie de J\u00e9sus, en raison de son m\u00e9tier de collecteur d\u2019imp\u00f4ts et de la r\u00e9v\u00e9lation de l\u2019amour sauveur qui couronne le r\u00e9cit.<\/p>\n\n\n\n<p>Saint Matthieu mourut martyr en \u00c9thiopie, en 61. Son corps fut transf\u00e9r\u00e9 \u00e0 Salerne.<\/p>\n\n\n\n<p>Selon qu\u2019il appara\u00eet comme collecteur d\u2019imp\u00f4ts, ap\u00f4tre ou \u00e9vang\u00e9liste, saint Matthieu est repr\u00e9sent\u00e9 avec des balances de peseur d\u2019or, l\u2019\u00e9p\u00e9e du martyr ou bien avec son attribut le plus ordinaire&nbsp;: le livre de l\u2019\u00c9vangile.<\/p>\n\n\n\n<p class=\"has-text-align-right\"><em><strong>Pour lire la suite, cliquez ci-dessous sur la page suivante.<\/strong><\/em><\/p>\n\n\n\n<!--nextpage-->\n\n\n\n<h2 class=\"wp-block-heading\">Saint Jacques le Mineur<\/h2>\n\n\n\n<div class=\"wp-block-image\"><figure class=\"aligncenter size-large\"><img data-recalc-dims=\"1\" loading=\"lazy\" decoding=\"async\" width=\"780\" height=\"680\" src=\"https:\/\/i0.wp.com\/www.cine-art-loisir.com\/blog\/wp-content\/uploads\/2020\/04\/P1230507-1.jpg?resize=780%2C680&#038;ssl=1\" alt=\"\" class=\"wp-image-4639\" srcset=\"https:\/\/i0.wp.com\/www.cine-art-loisir.com\/blog\/wp-content\/uploads\/2020\/04\/P1230507-1.jpg?w=1000&amp;ssl=1 1000w, https:\/\/i0.wp.com\/www.cine-art-loisir.com\/blog\/wp-content\/uploads\/2020\/04\/P1230507-1.jpg?resize=300%2C262&amp;ssl=1 300w, https:\/\/i0.wp.com\/www.cine-art-loisir.com\/blog\/wp-content\/uploads\/2020\/04\/P1230507-1.jpg?resize=768%2C670&amp;ssl=1 768w\" sizes=\"auto, (max-width: 780px) 100vw, 780px\" \/><\/figure><\/div>\n\n\n\n<p>Dans le Nouveau Testament, Jacques le Mineur est nomm\u00e9 \u00ab&nbsp;Jacques, fils d\u2019Alph\u00e9e&nbsp;\u00bb. Sa m\u00e8re est Marie Jacob\u00e9. On le qualifie de <em>Mineur<\/em> pour le distinguer de Jacques le Majeur, \u00ab&nbsp;Jacques, fils de Z\u00e9b\u00e9d\u00e9e&nbsp;\u00bb, plus ancien parmi les ap\u00f4tres.<\/p>\n\n\n\n<p>Jacques le Mineur est repr\u00e9sent\u00e9 avec un b\u00e2ton en forme de massue car, apr\u00e8s avoir \u00e9t\u00e9 lapid\u00e9, il fut achev\u00e9 par des coups.<\/p>\n\n\n\n<p>Consid\u00e9r\u00e9 comme le premier \u00e9v\u00eaque de J\u00e9rusalem, il est \u00e9galement repr\u00e9sent\u00e9 avec une tiare et une crosse.<\/p>\n\n\n\n<p class=\"has-text-align-right\"><em><strong>Pour lire la suite, cliquez ci-dessous sur la page suivante.<\/strong><\/em><\/p>\n\n\n\n<!--nextpage-->\n\n\n\n<h2 class=\"wp-block-heading\">Saint Jude<\/h2>\n\n\n\n<div class=\"wp-block-image\"><figure class=\"aligncenter size-large\"><img data-recalc-dims=\"1\" loading=\"lazy\" decoding=\"async\" width=\"780\" height=\"639\" src=\"https:\/\/i0.wp.com\/www.cine-art-loisir.com\/blog\/wp-content\/uploads\/2020\/04\/P1230508.jpg?resize=780%2C639&#038;ssl=1\" alt=\"\" class=\"wp-image-4640\" srcset=\"https:\/\/i0.wp.com\/www.cine-art-loisir.com\/blog\/wp-content\/uploads\/2020\/04\/P1230508.jpg?w=853&amp;ssl=1 853w, https:\/\/i0.wp.com\/www.cine-art-loisir.com\/blog\/wp-content\/uploads\/2020\/04\/P1230508.jpg?resize=300%2C246&amp;ssl=1 300w, https:\/\/i0.wp.com\/www.cine-art-loisir.com\/blog\/wp-content\/uploads\/2020\/04\/P1230508.jpg?resize=768%2C629&amp;ssl=1 768w\" sizes=\"auto, (max-width: 780px) 100vw, 780px\" \/><\/figure><\/div>\n\n\n\n<p>Jude, fils d\u2019Alph\u00e9e et de Marie Jacob\u00e9, est aussi surnomm\u00e9 Thadd\u00e9e&nbsp;; ce qui signifie \u00ab&nbsp;louange&nbsp;\u00bb en langue syriaque. Il est le fr\u00e8re de Jacques le Mineur.<\/p>\n\n\n\n<p>Apr\u00e8s la descente du Saint-Esprit, il alla pr\u00eacher l\u2019\u00c9vangile dans l\u2019Idum\u00e9e, la Syrie et la M\u00e9sopotamie. Les Arm\u00e9niens l\u2019honorent comme leur premier ap\u00f4tre. On a de Jude une \u00e9p\u00eetre adress\u00e9e \u00e0 toute les \u00c9glises d\u2019Orient et particuli\u00e8rement aux juifs, dont la conversion avait \u00e9t\u00e9 l\u2019objet principal de ses travaux.<\/p>\n\n\n\n<p>Jude est traditionnellement repr\u00e9sent\u00e9 portant l\u2019image de J\u00e9sus \u00e0 la main ou pr\u00e8s de sa poitrine. Souvent plac\u00e9 aux c\u00f4t\u00e9s de Simon avec qui il pr\u00eache en Syrie et en M\u00e9sopotamie, il porte la massue avec laquelle il fut achev\u00e9 lors de son martyr en Perse ou en Arm\u00e9nie, vers l\u2019an 80.<\/p>\n\n\n\n<p>Il est reconnu comme \u00e9tant le saint de l\u2019espoir, puisque c\u2019\u00e9tait un \u00eatre bon. Signalons qu\u2019il demeure le patron des causes d\u00e9sesp\u00e9r\u00e9es. Il est honor\u00e9 le 28 octobre.<\/p>\n\n\n\n<p class=\"has-text-align-right\"><em><strong>Pour lire la suite, cliquez ci-dessous sur la page suivante.<\/strong><\/em><\/p>\n\n\n\n<!--nextpage-->\n\n\n\n<h2 class=\"wp-block-heading\">Saint Simon le Z\u00e9lote<\/h2>\n\n\n\n<div class=\"wp-block-image\"><figure class=\"aligncenter size-large\"><img data-recalc-dims=\"1\" loading=\"lazy\" decoding=\"async\" width=\"780\" height=\"585\" src=\"https:\/\/i0.wp.com\/www.cine-art-loisir.com\/blog\/wp-content\/uploads\/2020\/04\/P1230496.jpg?resize=780%2C585&#038;ssl=1\" alt=\"\" class=\"wp-image-4630\" srcset=\"https:\/\/i0.wp.com\/www.cine-art-loisir.com\/blog\/wp-content\/uploads\/2020\/04\/P1230496.jpg?w=1000&amp;ssl=1 1000w, https:\/\/i0.wp.com\/www.cine-art-loisir.com\/blog\/wp-content\/uploads\/2020\/04\/P1230496.jpg?resize=300%2C225&amp;ssl=1 300w, https:\/\/i0.wp.com\/www.cine-art-loisir.com\/blog\/wp-content\/uploads\/2020\/04\/P1230496.jpg?resize=768%2C576&amp;ssl=1 768w\" sizes=\"auto, (max-width: 780px) 100vw, 780px\" \/><\/figure><\/div>\n\n\n\n<p>Simon est appel\u00e9 le Z\u00e9l\u00e9 vraisemblablement pour avoir appartenu au parti extr\u00e9miste des Z\u00e9lotes qui pr\u00e9conisait la r\u00e9sistance active \u00e0 la domination romaine et menait de temps \u00e0 autre des op\u00e9rations de gu\u00e9rilla. Il \u00e9tait l\u2019un de ces violents qui voulaient r\u00e9tablir le royaume d\u2019Isra\u00ebl en soulevant le peuple de Dieu contre les occupants pa\u00efens.<\/p>\n\n\n\n<p>Devenu l\u2019un des douze, il apprendra de son Ma\u00eetre les chemins de l\u2019humble douceur qui m\u00e8nent par la Croix au Royaume de Dieu. La violence du z\u00e9lote fera place \u00e0 la force du t\u00e9moin du Christ crucifi\u00e9.<\/p>\n\n\n\n<p>Ce d\u00e9tail r\u00e9v\u00e8le la diversit\u00e9 des options temporelles qu\u2019avaient pu prendre les Ap\u00f4tres avant d\u2019\u00eatre choisis par J\u00e9sus, qui appela \u00e0 lui et souda dans un m\u00eame groupe des hommes aussi diff\u00e9rents que le publicain Matthieu et le nationaliste Simon.<\/p>\n\n\n\n<p class=\"has-text-align-right\"><em><strong>Pour lire la suite, cliquez ci-dessous sur la page suivante.<\/strong><\/em><\/p>\n\n\n\n<!--nextpage-->\n\n\n\n<h2 class=\"wp-block-heading\">Judas Iscariote<\/h2>\n\n\n\n<div class=\"wp-block-image\"><figure class=\"aligncenter size-large\"><img data-recalc-dims=\"1\" loading=\"lazy\" decoding=\"async\" width=\"780\" height=\"812\" src=\"https:\/\/i0.wp.com\/www.cine-art-loisir.com\/blog\/wp-content\/uploads\/2020\/04\/P1230501.jpg?resize=780%2C812&#038;ssl=1\" alt=\"\" class=\"wp-image-4631\" srcset=\"https:\/\/i0.wp.com\/www.cine-art-loisir.com\/blog\/wp-content\/uploads\/2020\/04\/P1230501.jpg?resize=984%2C1024&amp;ssl=1 984w, https:\/\/i0.wp.com\/www.cine-art-loisir.com\/blog\/wp-content\/uploads\/2020\/04\/P1230501.jpg?resize=288%2C300&amp;ssl=1 288w, https:\/\/i0.wp.com\/www.cine-art-loisir.com\/blog\/wp-content\/uploads\/2020\/04\/P1230501.jpg?resize=768%2C799&amp;ssl=1 768w, https:\/\/i0.wp.com\/www.cine-art-loisir.com\/blog\/wp-content\/uploads\/2020\/04\/P1230501.jpg?w=1000&amp;ssl=1 1000w\" sizes=\"auto, (max-width: 780px) 100vw, 780px\" \/><\/figure><\/div>\n\n\n\n<p>Selon les \u00e9vangiles synoptiques, Judas l\u2019Iscariote, dernier des douze ap\u00f4tres assurait le r\u00f4le de tr\u00e9sorier.<\/p>\n\n\n\n<p>C\u2019est Judas Iscariote qui livra J\u00e9sus, pour 30 pi\u00e8ces d\u2019argent, aux grands pr\u00eatres de J\u00e9rusalem, qui le men\u00e8rent devant Ponce Pilate. J\u00e9sus se trouvait dans les jardins de Geths\u00e9mani quand Judas le d\u00e9signa aux gardes en lui donnant un baiser. L\u2019expression \u00ab&nbsp;baiser de Judas&nbsp;\u00bb d\u00e9signe aujourd\u2019hui un baiser de tra\u00eetre.<\/p>\n\n\n\n<p>Judas mourut peu de temps apr\u00e8s. L\u2019\u00c9vangile selon Saint Matthieu nous dit que, pris de remords, il se pendit.<\/p>\n","protected":false},"excerpt":{"rendered":"<p>Les Ap\u00f4tres \u00e9taient des disciples de Notre-Seigneur J\u00e9sus-Christ \u00e0 qui il conf\u00e9ra le sacerdoce lors de la C\u00e8ne. Ils diffus\u00e8rent le christianisme \u00e0 travers leurs voyages missionnaires et, pour certains d\u2019entre eux, par leurs \u00e9crits (\u00c9vangiles, \u00c9p\u00eetres, Actes des Ap\u00f4tres). Ils furent les premiers \u00e9v\u00eaques. Saint Pierre Saint Pierre est l\u2019un des premiers \u00ab&nbsp;appel\u00e9s&nbsp;\u00bb par <a class=\"more-link\" href=\"https:\/\/www.cine-art-loisir.com\/blog\/2020\/04\/09\/jesus-de-nazareth\/\">Lire plus &#8230;<\/a><\/p>\n","protected":false},"author":1,"featured_media":4780,"comment_status":"open","ping_status":"open","sticky":false,"template":"","format":"standard","meta":{"_jetpack_memberships_contains_paid_content":false,"footnotes":""},"categories":[15,16],"tags":[],"class_list":["post-350","post","type-post","status-publish","format-standard","has-post-thumbnail","hentry","category-expositions-religieuses","category-vie-des-saints"],"yoast_head":"<!-- This site is optimized with the Yoast SEO plugin v27.5 - https:\/\/yoast.com\/product\/yoast-seo-wordpress\/ -->\n<title>Les douze Ap\u00f4tres de J\u00e9sus-Christ - Cin\u00e9 Art Loisir<\/title>\n<meta name=\"robots\" content=\"index, follow, max-snippet:-1, max-image-preview:large, max-video-preview:-1\" \/>\n<link rel=\"canonical\" href=\"https:\/\/www.cine-art-loisir.com\/blog\/2020\/04\/09\/jesus-de-nazareth\/\" \/>\n<link rel=\"next\" href=\"https:\/\/www.cine-art-loisir.com\/blog\/2020\/04\/09\/jesus-de-nazareth\/2\/\" \/>\n<meta property=\"og:locale\" content=\"fr_FR\" \/>\n<meta property=\"og:type\" content=\"article\" \/>\n<meta property=\"og:title\" content=\"Les douze Ap\u00f4tres de J\u00e9sus-Christ - Cin\u00e9 Art Loisir\" \/>\n<meta property=\"og:description\" content=\"Les Ap\u00f4tres \u00e9taient des disciples de Notre-Seigneur J\u00e9sus-Christ \u00e0 qui il conf\u00e9ra le sacerdoce lors de la C\u00e8ne. Ils diffus\u00e8rent le christianisme \u00e0 travers leurs voyages missionnaires et, pour certains d\u2019entre eux, par leurs \u00e9crits (\u00c9vangiles, \u00c9p\u00eetres, Actes des Ap\u00f4tres). Ils furent les premiers \u00e9v\u00eaques. Saint Pierre Saint Pierre est l\u2019un des premiers \u00ab&nbsp;appel\u00e9s&nbsp;\u00bb par Lire plus ...\" \/>\n<meta property=\"og:url\" content=\"https:\/\/www.cine-art-loisir.com\/blog\/2020\/04\/09\/jesus-de-nazareth\/\" \/>\n<meta property=\"og:site_name\" content=\"Cin\u00e9 Art Loisir\" \/>\n<meta property=\"article:published_time\" content=\"2020-04-09T06:51:00+00:00\" \/>\n<meta property=\"article:modified_time\" content=\"2020-04-11T07:55:40+00:00\" \/>\n<meta property=\"og:image\" content=\"https:\/\/www.cine-art-loisir.com\/blog\/wp-content\/uploads\/2020\/04\/la-ferme-aux-mille-lumieres-2-3-4-5.jpg\" \/>\n\t<meta property=\"og:image:width\" content=\"800\" \/>\n\t<meta property=\"og:image:height\" content=\"536\" \/>\n\t<meta property=\"og:image:type\" content=\"image\/jpeg\" \/>\n<meta name=\"author\" content=\"Fremiot\" \/>\n<meta name=\"twitter:card\" content=\"summary_large_image\" \/>\n<meta name=\"twitter:label1\" content=\"\u00c9crit par\" \/>\n\t<meta name=\"twitter:data1\" content=\"Fremiot\" \/>\n\t<meta name=\"twitter:label2\" content=\"Dur\u00e9e de lecture estim\u00e9e\" \/>\n\t<meta name=\"twitter:data2\" content=\"16 minutes\" \/>\n<script type=\"application\/ld+json\" class=\"yoast-schema-graph\">{\"@context\":\"https:\\\/\\\/schema.org\",\"@graph\":[{\"@type\":\"Article\",\"@id\":\"https:\\\/\\\/www.cine-art-loisir.com\\\/blog\\\/2020\\\/04\\\/09\\\/jesus-de-nazareth\\\/#article\",\"isPartOf\":{\"@id\":\"https:\\\/\\\/www.cine-art-loisir.com\\\/blog\\\/2020\\\/04\\\/09\\\/jesus-de-nazareth\\\/\"},\"author\":{\"name\":\"Fremiot\",\"@id\":\"https:\\\/\\\/www.cine-art-loisir.com\\\/blog\\\/#\\\/schema\\\/person\\\/3cc5b9cb07ff09e86edbe2b13b7fe969\"},\"headline\":\"Les douze Ap\u00f4tres de J\u00e9sus-Christ\",\"datePublished\":\"2020-04-09T06:51:00+00:00\",\"dateModified\":\"2020-04-11T07:55:40+00:00\",\"mainEntityOfPage\":{\"@id\":\"https:\\\/\\\/www.cine-art-loisir.com\\\/blog\\\/2020\\\/04\\\/09\\\/jesus-de-nazareth\\\/\"},\"wordCount\":3172,\"commentCount\":0,\"publisher\":{\"@id\":\"https:\\\/\\\/www.cine-art-loisir.com\\\/blog\\\/#organization\"},\"image\":{\"@id\":\"https:\\\/\\\/www.cine-art-loisir.com\\\/blog\\\/2020\\\/04\\\/09\\\/jesus-de-nazareth\\\/#primaryimage\"},\"thumbnailUrl\":\"https:\\\/\\\/i0.wp.com\\\/www.cine-art-loisir.com\\\/blog\\\/wp-content\\\/uploads\\\/2020\\\/04\\\/la-ferme-aux-mille-lumieres-2-3-4-5.jpg?fit=800%2C536&ssl=1\",\"articleSection\":[\"Expositions religieuses\",\"Vie des Saints\"],\"inLanguage\":\"fr-FR\",\"potentialAction\":[{\"@type\":\"CommentAction\",\"name\":\"Comment\",\"target\":[\"https:\\\/\\\/www.cine-art-loisir.com\\\/blog\\\/2020\\\/04\\\/09\\\/jesus-de-nazareth\\\/#respond\"]}]},{\"@type\":\"WebPage\",\"@id\":\"https:\\\/\\\/www.cine-art-loisir.com\\\/blog\\\/2020\\\/04\\\/09\\\/jesus-de-nazareth\\\/\",\"url\":\"https:\\\/\\\/www.cine-art-loisir.com\\\/blog\\\/2020\\\/04\\\/09\\\/jesus-de-nazareth\\\/\",\"name\":\"Les douze Ap\u00f4tres de J\u00e9sus-Christ - Cin\u00e9 Art Loisir\",\"isPartOf\":{\"@id\":\"https:\\\/\\\/www.cine-art-loisir.com\\\/blog\\\/#website\"},\"primaryImageOfPage\":{\"@id\":\"https:\\\/\\\/www.cine-art-loisir.com\\\/blog\\\/2020\\\/04\\\/09\\\/jesus-de-nazareth\\\/#primaryimage\"},\"image\":{\"@id\":\"https:\\\/\\\/www.cine-art-loisir.com\\\/blog\\\/2020\\\/04\\\/09\\\/jesus-de-nazareth\\\/#primaryimage\"},\"thumbnailUrl\":\"https:\\\/\\\/i0.wp.com\\\/www.cine-art-loisir.com\\\/blog\\\/wp-content\\\/uploads\\\/2020\\\/04\\\/la-ferme-aux-mille-lumieres-2-3-4-5.jpg?fit=800%2C536&ssl=1\",\"datePublished\":\"2020-04-09T06:51:00+00:00\",\"dateModified\":\"2020-04-11T07:55:40+00:00\",\"inLanguage\":\"fr-FR\",\"potentialAction\":[{\"@type\":\"ReadAction\",\"target\":[\"https:\\\/\\\/www.cine-art-loisir.com\\\/blog\\\/2020\\\/04\\\/09\\\/jesus-de-nazareth\\\/\"]}]},{\"@type\":\"ImageObject\",\"inLanguage\":\"fr-FR\",\"@id\":\"https:\\\/\\\/www.cine-art-loisir.com\\\/blog\\\/2020\\\/04\\\/09\\\/jesus-de-nazareth\\\/#primaryimage\",\"url\":\"https:\\\/\\\/i0.wp.com\\\/www.cine-art-loisir.com\\\/blog\\\/wp-content\\\/uploads\\\/2020\\\/04\\\/la-ferme-aux-mille-lumieres-2-3-4-5.jpg?fit=800%2C536&ssl=1\",\"contentUrl\":\"https:\\\/\\\/i0.wp.com\\\/www.cine-art-loisir.com\\\/blog\\\/wp-content\\\/uploads\\\/2020\\\/04\\\/la-ferme-aux-mille-lumieres-2-3-4-5.jpg?fit=800%2C536&ssl=1\",\"width\":800,\"height\":536},{\"@type\":\"WebSite\",\"@id\":\"https:\\\/\\\/www.cine-art-loisir.com\\\/blog\\\/#website\",\"url\":\"https:\\\/\\\/www.cine-art-loisir.com\\\/blog\\\/\",\"name\":\"Cin\u00e9 Art Loisir\",\"description\":\"Spectacles - Films - Reportages - Documentaires monastiques - Expositions\",\"publisher\":{\"@id\":\"https:\\\/\\\/www.cine-art-loisir.com\\\/blog\\\/#organization\"},\"potentialAction\":[{\"@type\":\"SearchAction\",\"target\":{\"@type\":\"EntryPoint\",\"urlTemplate\":\"https:\\\/\\\/www.cine-art-loisir.com\\\/blog\\\/?s={search_term_string}\"},\"query-input\":{\"@type\":\"PropertyValueSpecification\",\"valueRequired\":true,\"valueName\":\"search_term_string\"}}],\"inLanguage\":\"fr-FR\"},{\"@type\":\"Organization\",\"@id\":\"https:\\\/\\\/www.cine-art-loisir.com\\\/blog\\\/#organization\",\"name\":\"Cin\u00e9 Art Loisir\",\"url\":\"https:\\\/\\\/www.cine-art-loisir.com\\\/blog\\\/\",\"logo\":{\"@type\":\"ImageObject\",\"inLanguage\":\"fr-FR\",\"@id\":\"https:\\\/\\\/www.cine-art-loisir.com\\\/blog\\\/#\\\/schema\\\/logo\\\/image\\\/\",\"url\":\"https:\\\/\\\/i0.wp.com\\\/www.cine-art-loisir.com\\\/blog\\\/wp-content\\\/uploads\\\/2025\\\/11\\\/cropped-Logo-CAL-2025-150px.webp?fit=150%2C150&ssl=1\",\"contentUrl\":\"https:\\\/\\\/i0.wp.com\\\/www.cine-art-loisir.com\\\/blog\\\/wp-content\\\/uploads\\\/2025\\\/11\\\/cropped-Logo-CAL-2025-150px.webp?fit=150%2C150&ssl=1\",\"width\":150,\"height\":150,\"caption\":\"Cin\u00e9 Art Loisir\"},\"image\":{\"@id\":\"https:\\\/\\\/www.cine-art-loisir.com\\\/blog\\\/#\\\/schema\\\/logo\\\/image\\\/\"}},{\"@type\":\"Person\",\"@id\":\"https:\\\/\\\/www.cine-art-loisir.com\\\/blog\\\/#\\\/schema\\\/person\\\/3cc5b9cb07ff09e86edbe2b13b7fe969\",\"name\":\"Fremiot\",\"image\":{\"@type\":\"ImageObject\",\"inLanguage\":\"fr-FR\",\"@id\":\"https:\\\/\\\/secure.gravatar.com\\\/avatar\\\/235eece3e685649d05bcb3ca0e207b850596b6d2ce1b3ad28fbf2ae603007f68?s=96&d=mm&r=g\",\"url\":\"https:\\\/\\\/secure.gravatar.com\\\/avatar\\\/235eece3e685649d05bcb3ca0e207b850596b6d2ce1b3ad28fbf2ae603007f68?s=96&d=mm&r=g\",\"contentUrl\":\"https:\\\/\\\/secure.gravatar.com\\\/avatar\\\/235eece3e685649d05bcb3ca0e207b850596b6d2ce1b3ad28fbf2ae603007f68?s=96&d=mm&r=g\",\"caption\":\"Fremiot\"},\"url\":\"https:\\\/\\\/www.cine-art-loisir.com\\\/blog\\\/author\\\/fremiot\\\/\"}]}<\/script>\n<!-- \/ Yoast SEO plugin. -->","yoast_head_json":{"title":"Les douze Ap\u00f4tres de J\u00e9sus-Christ - Cin\u00e9 Art Loisir","robots":{"index":"index","follow":"follow","max-snippet":"max-snippet:-1","max-image-preview":"max-image-preview:large","max-video-preview":"max-video-preview:-1"},"canonical":"https:\/\/www.cine-art-loisir.com\/blog\/2020\/04\/09\/jesus-de-nazareth\/","next":"https:\/\/www.cine-art-loisir.com\/blog\/2020\/04\/09\/jesus-de-nazareth\/2\/","og_locale":"fr_FR","og_type":"article","og_title":"Les douze Ap\u00f4tres de J\u00e9sus-Christ - Cin\u00e9 Art Loisir","og_description":"Les Ap\u00f4tres \u00e9taient des disciples de Notre-Seigneur J\u00e9sus-Christ \u00e0 qui il conf\u00e9ra le sacerdoce lors de la C\u00e8ne. Ils diffus\u00e8rent le christianisme \u00e0 travers leurs voyages missionnaires et, pour certains d\u2019entre eux, par leurs \u00e9crits (\u00c9vangiles, \u00c9p\u00eetres, Actes des Ap\u00f4tres). Ils furent les premiers \u00e9v\u00eaques. Saint Pierre Saint Pierre est l\u2019un des premiers \u00ab&nbsp;appel\u00e9s&nbsp;\u00bb par Lire plus ...","og_url":"https:\/\/www.cine-art-loisir.com\/blog\/2020\/04\/09\/jesus-de-nazareth\/","og_site_name":"Cin\u00e9 Art Loisir","article_published_time":"2020-04-09T06:51:00+00:00","article_modified_time":"2020-04-11T07:55:40+00:00","og_image":[{"width":800,"height":536,"url":"https:\/\/www.cine-art-loisir.com\/blog\/wp-content\/uploads\/2020\/04\/la-ferme-aux-mille-lumieres-2-3-4-5.jpg","type":"image\/jpeg"}],"author":"Fremiot","twitter_card":"summary_large_image","twitter_misc":{"\u00c9crit par":"Fremiot","Dur\u00e9e de lecture estim\u00e9e":"16 minutes"},"schema":{"@context":"https:\/\/schema.org","@graph":[{"@type":"Article","@id":"https:\/\/www.cine-art-loisir.com\/blog\/2020\/04\/09\/jesus-de-nazareth\/#article","isPartOf":{"@id":"https:\/\/www.cine-art-loisir.com\/blog\/2020\/04\/09\/jesus-de-nazareth\/"},"author":{"name":"Fremiot","@id":"https:\/\/www.cine-art-loisir.com\/blog\/#\/schema\/person\/3cc5b9cb07ff09e86edbe2b13b7fe969"},"headline":"Les douze Ap\u00f4tres de J\u00e9sus-Christ","datePublished":"2020-04-09T06:51:00+00:00","dateModified":"2020-04-11T07:55:40+00:00","mainEntityOfPage":{"@id":"https:\/\/www.cine-art-loisir.com\/blog\/2020\/04\/09\/jesus-de-nazareth\/"},"wordCount":3172,"commentCount":0,"publisher":{"@id":"https:\/\/www.cine-art-loisir.com\/blog\/#organization"},"image":{"@id":"https:\/\/www.cine-art-loisir.com\/blog\/2020\/04\/09\/jesus-de-nazareth\/#primaryimage"},"thumbnailUrl":"https:\/\/i0.wp.com\/www.cine-art-loisir.com\/blog\/wp-content\/uploads\/2020\/04\/la-ferme-aux-mille-lumieres-2-3-4-5.jpg?fit=800%2C536&ssl=1","articleSection":["Expositions religieuses","Vie des Saints"],"inLanguage":"fr-FR","potentialAction":[{"@type":"CommentAction","name":"Comment","target":["https:\/\/www.cine-art-loisir.com\/blog\/2020\/04\/09\/jesus-de-nazareth\/#respond"]}]},{"@type":"WebPage","@id":"https:\/\/www.cine-art-loisir.com\/blog\/2020\/04\/09\/jesus-de-nazareth\/","url":"https:\/\/www.cine-art-loisir.com\/blog\/2020\/04\/09\/jesus-de-nazareth\/","name":"Les douze Ap\u00f4tres de J\u00e9sus-Christ - Cin\u00e9 Art Loisir","isPartOf":{"@id":"https:\/\/www.cine-art-loisir.com\/blog\/#website"},"primaryImageOfPage":{"@id":"https:\/\/www.cine-art-loisir.com\/blog\/2020\/04\/09\/jesus-de-nazareth\/#primaryimage"},"image":{"@id":"https:\/\/www.cine-art-loisir.com\/blog\/2020\/04\/09\/jesus-de-nazareth\/#primaryimage"},"thumbnailUrl":"https:\/\/i0.wp.com\/www.cine-art-loisir.com\/blog\/wp-content\/uploads\/2020\/04\/la-ferme-aux-mille-lumieres-2-3-4-5.jpg?fit=800%2C536&ssl=1","datePublished":"2020-04-09T06:51:00+00:00","dateModified":"2020-04-11T07:55:40+00:00","inLanguage":"fr-FR","potentialAction":[{"@type":"ReadAction","target":["https:\/\/www.cine-art-loisir.com\/blog\/2020\/04\/09\/jesus-de-nazareth\/"]}]},{"@type":"ImageObject","inLanguage":"fr-FR","@id":"https:\/\/www.cine-art-loisir.com\/blog\/2020\/04\/09\/jesus-de-nazareth\/#primaryimage","url":"https:\/\/i0.wp.com\/www.cine-art-loisir.com\/blog\/wp-content\/uploads\/2020\/04\/la-ferme-aux-mille-lumieres-2-3-4-5.jpg?fit=800%2C536&ssl=1","contentUrl":"https:\/\/i0.wp.com\/www.cine-art-loisir.com\/blog\/wp-content\/uploads\/2020\/04\/la-ferme-aux-mille-lumieres-2-3-4-5.jpg?fit=800%2C536&ssl=1","width":800,"height":536},{"@type":"WebSite","@id":"https:\/\/www.cine-art-loisir.com\/blog\/#website","url":"https:\/\/www.cine-art-loisir.com\/blog\/","name":"Cin\u00e9 Art Loisir","description":"Spectacles - Films - Reportages - Documentaires monastiques - Expositions","publisher":{"@id":"https:\/\/www.cine-art-loisir.com\/blog\/#organization"},"potentialAction":[{"@type":"SearchAction","target":{"@type":"EntryPoint","urlTemplate":"https:\/\/www.cine-art-loisir.com\/blog\/?s={search_term_string}"},"query-input":{"@type":"PropertyValueSpecification","valueRequired":true,"valueName":"search_term_string"}}],"inLanguage":"fr-FR"},{"@type":"Organization","@id":"https:\/\/www.cine-art-loisir.com\/blog\/#organization","name":"Cin\u00e9 Art Loisir","url":"https:\/\/www.cine-art-loisir.com\/blog\/","logo":{"@type":"ImageObject","inLanguage":"fr-FR","@id":"https:\/\/www.cine-art-loisir.com\/blog\/#\/schema\/logo\/image\/","url":"https:\/\/i0.wp.com\/www.cine-art-loisir.com\/blog\/wp-content\/uploads\/2025\/11\/cropped-Logo-CAL-2025-150px.webp?fit=150%2C150&ssl=1","contentUrl":"https:\/\/i0.wp.com\/www.cine-art-loisir.com\/blog\/wp-content\/uploads\/2025\/11\/cropped-Logo-CAL-2025-150px.webp?fit=150%2C150&ssl=1","width":150,"height":150,"caption":"Cin\u00e9 Art Loisir"},"image":{"@id":"https:\/\/www.cine-art-loisir.com\/blog\/#\/schema\/logo\/image\/"}},{"@type":"Person","@id":"https:\/\/www.cine-art-loisir.com\/blog\/#\/schema\/person\/3cc5b9cb07ff09e86edbe2b13b7fe969","name":"Fremiot","image":{"@type":"ImageObject","inLanguage":"fr-FR","@id":"https:\/\/secure.gravatar.com\/avatar\/235eece3e685649d05bcb3ca0e207b850596b6d2ce1b3ad28fbf2ae603007f68?s=96&d=mm&r=g","url":"https:\/\/secure.gravatar.com\/avatar\/235eece3e685649d05bcb3ca0e207b850596b6d2ce1b3ad28fbf2ae603007f68?s=96&d=mm&r=g","contentUrl":"https:\/\/secure.gravatar.com\/avatar\/235eece3e685649d05bcb3ca0e207b850596b6d2ce1b3ad28fbf2ae603007f68?s=96&d=mm&r=g","caption":"Fremiot"},"url":"https:\/\/www.cine-art-loisir.com\/blog\/author\/fremiot\/"}]}},"jetpack_featured_media_url":"https:\/\/i0.wp.com\/www.cine-art-loisir.com\/blog\/wp-content\/uploads\/2020\/04\/la-ferme-aux-mille-lumieres-2-3-4-5.jpg?fit=800%2C536&ssl=1","jetpack_sharing_enabled":true,"_links":{"self":[{"href":"https:\/\/www.cine-art-loisir.com\/blog\/wp-json\/wp\/v2\/posts\/350","targetHints":{"allow":["GET"]}}],"collection":[{"href":"https:\/\/www.cine-art-loisir.com\/blog\/wp-json\/wp\/v2\/posts"}],"about":[{"href":"https:\/\/www.cine-art-loisir.com\/blog\/wp-json\/wp\/v2\/types\/post"}],"author":[{"embeddable":true,"href":"https:\/\/www.cine-art-loisir.com\/blog\/wp-json\/wp\/v2\/users\/1"}],"replies":[{"embeddable":true,"href":"https:\/\/www.cine-art-loisir.com\/blog\/wp-json\/wp\/v2\/comments?post=350"}],"version-history":[{"count":0,"href":"https:\/\/www.cine-art-loisir.com\/blog\/wp-json\/wp\/v2\/posts\/350\/revisions"}],"wp:featuredmedia":[{"embeddable":true,"href":"https:\/\/www.cine-art-loisir.com\/blog\/wp-json\/wp\/v2\/media\/4780"}],"wp:attachment":[{"href":"https:\/\/www.cine-art-loisir.com\/blog\/wp-json\/wp\/v2\/media?parent=350"}],"wp:term":[{"taxonomy":"category","embeddable":true,"href":"https:\/\/www.cine-art-loisir.com\/blog\/wp-json\/wp\/v2\/categories?post=350"},{"taxonomy":"post_tag","embeddable":true,"href":"https:\/\/www.cine-art-loisir.com\/blog\/wp-json\/wp\/v2\/tags?post=350"}],"curies":[{"name":"wp","href":"https:\/\/api.w.org\/{rel}","templated":true}]}}