{"id":466,"date":"2007-10-05T06:42:00","date_gmt":"2007-10-05T06:42:00","guid":{"rendered":"https:\/\/blog.cine-art-loisir.fr\/?p=466"},"modified":"2020-03-15T20:31:08","modified_gmt":"2020-03-15T20:31:08","slug":"les-carmelites-du-saint-cure-dars-2007-jc-guerguy","status":"publish","type":"post","link":"https:\/\/www.cine-art-loisir.com\/blog\/2007\/10\/05\/les-carmelites-du-saint-cure-dars-2007-jc-guerguy\/","title":{"rendered":"Dialogues au Carmel du saint Cur\u00e9 d\u2019Ars \u2013 2007"},"content":{"rendered":"\n<div style=\"position:relative;width:100%;height:0;padding-bottom:75.0%;\"><iframe loading=\"lazy\" src=\"https:\/\/gloria.tv\/post\/Ae1fnRmKWtvw3XTMiZ92rAfWF\/embed\" scrolling=\"no\" allowfullscreen=\"\" style=\"position:absolute;top:0;right:0;bottom:0;left:0;height:100%;width:100%;\" width=\"320\" height=\"240\" frameborder=\"0\"><\/iframe><\/div>\n\n\n\n<p><\/p>\n\n\n\n<h2 class=\"wp-block-heading\">Les femmes du silence, les \u00e9pouses du Christ<br>  <\/h2>\n\n\n\n<figure class=\"wp-block-gallery columns-2 is-cropped wp-block-gallery-1 is-layout-flex wp-block-gallery-is-layout-flex\"><ul class=\"blocks-gallery-grid\"><li class=\"blocks-gallery-item\"><figure><img data-recalc-dims=\"1\" loading=\"lazy\" decoding=\"async\" width=\"673\" height=\"1024\" src=\"https:\/\/i0.wp.com\/blog.cine-art-loisir.fr\/wp-content\/uploads\/2020\/01\/Carmel-Ars-Cloche-1-673x1024.jpg?resize=673%2C1024&#038;ssl=1\" alt=\"\" data-id=\"1729\" data-full-url=\"https:\/\/blog.cine-art-loisir.fr\/wp-content\/uploads\/2020\/01\/Carmel-Ars-Cloche-1.jpg\" data-link=\"https:\/\/blog.cine-art-loisir.fr\/2007\/10\/05\/les-carmelites\/carmel-ars-cloche-1\/#main\" class=\"wp-image-1729\" srcset=\"https:\/\/i0.wp.com\/www.cine-art-loisir.com\/blog\/wp-content\/uploads\/2020\/01\/Carmel-Ars-Cloche-1.jpg?resize=673%2C1024&amp;ssl=1 673w, https:\/\/i0.wp.com\/www.cine-art-loisir.com\/blog\/wp-content\/uploads\/2020\/01\/Carmel-Ars-Cloche-1.jpg?resize=197%2C300&amp;ssl=1 197w, https:\/\/i0.wp.com\/www.cine-art-loisir.com\/blog\/wp-content\/uploads\/2020\/01\/Carmel-Ars-Cloche-1.jpg?resize=768%2C1169&amp;ssl=1 768w, https:\/\/i0.wp.com\/www.cine-art-loisir.com\/blog\/wp-content\/uploads\/2020\/01\/Carmel-Ars-Cloche-1.jpg?resize=1009%2C1536&amp;ssl=1 1009w, https:\/\/i0.wp.com\/www.cine-art-loisir.com\/blog\/wp-content\/uploads\/2020\/01\/Carmel-Ars-Cloche-1.jpg?w=1200&amp;ssl=1 1200w\" sizes=\"auto, (max-width: 673px) 100vw, 673px\" \/><\/figure><\/li><li class=\"blocks-gallery-item\"><figure><img data-recalc-dims=\"1\" loading=\"lazy\" decoding=\"async\" width=\"688\" height=\"1024\" src=\"https:\/\/i0.wp.com\/blog.cine-art-loisir.fr\/wp-content\/uploads\/2020\/01\/0039-688x1024.jpg?resize=688%2C1024&#038;ssl=1\" alt=\"\" data-id=\"1702\" data-link=\"https:\/\/blog.cine-art-loisir.fr\/?attachment_id=1702#main\" class=\"wp-image-1702\" srcset=\"https:\/\/i0.wp.com\/www.cine-art-loisir.com\/blog\/wp-content\/uploads\/2020\/01\/0039.jpg?resize=688%2C1024&amp;ssl=1 688w, https:\/\/i0.wp.com\/www.cine-art-loisir.com\/blog\/wp-content\/uploads\/2020\/01\/0039.jpg?resize=202%2C300&amp;ssl=1 202w, https:\/\/i0.wp.com\/www.cine-art-loisir.com\/blog\/wp-content\/uploads\/2020\/01\/0039.jpg?resize=768%2C1143&amp;ssl=1 768w, https:\/\/i0.wp.com\/www.cine-art-loisir.com\/blog\/wp-content\/uploads\/2020\/01\/0039.jpg?resize=1032%2C1536&amp;ssl=1 1032w, https:\/\/i0.wp.com\/www.cine-art-loisir.com\/blog\/wp-content\/uploads\/2020\/01\/0039.jpg?w=1200&amp;ssl=1 1200w\" sizes=\"auto, (max-width: 688px) 100vw, 688px\" \/><\/figure><\/li><\/ul><\/figure>\n\n\n\n<p>Un univers de pri\u00e8res, de silence et de solitude, des carm\u00e9lites retir\u00e9es du monde&nbsp;: le but de la vie des carm\u00e9lites est pr\u00e9cis. En effet, il s\u2019agit d\u2019une vie faite de pri\u00e8res de sacrifices qui vise \u00e0 la sanctification des pr\u00eatres et au salut des \u00e2mes. La t\u00e2che de ces moniales est d\u2019\u0153uvrer pour les \u00e2mes, de prier et d\u2019endurer la peine pour ceux-l\u00e0 m\u00eame qui ignorent la pri\u00e8re et la p\u00e9nitence.<\/p>\n\n\n\n<p>La solitude de la carm\u00e9lite est v\u00e9cue de mani\u00e8re fort heureuse, au sein d\u2019une vie communautaire d\u2019amour, au cours de laquelle elle partage les soucis, les devoirs et les joies de sa famille spirituelle.<\/p>\n\n\n\n<p>Prier sans cesse, avec le plus de perfection possible est l\u2019objectif et le devoir le plus important des Carm\u00e9lites. Les je\u00fbnes, les p\u00e9nitences, le silence et la solitude impos\u00e9s par la Sainte R\u00e8gle sont n\u00e9cessaires, pour que la pri\u00e8re soit authentique et fructueuse. Toutes ces pratiques renforcent le recueillement, d\u00e9sir\u00e9 si ardemment par l\u2019\u00e2me qui a abandonn\u00e9 le monde, au profit d\u2019une vie en communion avec Dieu.<\/p>\n\n\n\n<p>Les heures de travail ne sont pas moins priantes que celles pass\u00e9es dans le ch\u0153ur du monast\u00e8re. Toute la journ\u00e9e des moniales est empreinte de contemplation et d\u2019effort continu vers la saintet\u00e9 et la perfection, au nom de l\u2019amour du divin Ma\u00eetre.<\/p>\n\n\n\n<h2 class=\"wp-block-heading\">Le Carmel d\u2019Ars<\/h2>\n\n\n\n<p>\u00c0 la veille de la deuxi\u00e8me guerre mondiale, une carm\u00e9lite de Reims, s\u0153ur Marie Louise de l\u2019Immacul\u00e9e Conception, fonde le carmel du Saint Cur\u00e9 d\u2019Ars. La b\u00e9n\u00e9diction de la cl\u00f4ture et l\u2019inauguration du petit monast\u00e8re ont lieu le 8 d\u00e9cembre 1939. <\/p>\n\n\n\n<figure class=\"wp-block-gallery columns-2 is-cropped wp-block-gallery-2 is-layout-flex wp-block-gallery-is-layout-flex\"><ul class=\"blocks-gallery-grid\"><li class=\"blocks-gallery-item\"><figure><img data-recalc-dims=\"1\" loading=\"lazy\" decoding=\"async\" width=\"780\" height=\"587\" src=\"https:\/\/i0.wp.com\/blog.cine-art-loisir.fr\/wp-content\/uploads\/2020\/01\/332-2-1024x770.jpg?resize=780%2C587&#038;ssl=1\" alt=\"\" data-id=\"1703\" data-full-url=\"https:\/\/blog.cine-art-loisir.fr\/wp-content\/uploads\/2020\/01\/332-2.jpg\" data-link=\"https:\/\/blog.cine-art-loisir.fr\/?attachment_id=1703#main\" class=\"wp-image-1703\" srcset=\"https:\/\/i0.wp.com\/www.cine-art-loisir.com\/blog\/wp-content\/uploads\/2020\/01\/332-2.jpg?resize=1024%2C770&amp;ssl=1 1024w, https:\/\/i0.wp.com\/www.cine-art-loisir.com\/blog\/wp-content\/uploads\/2020\/01\/332-2.jpg?resize=300%2C226&amp;ssl=1 300w, https:\/\/i0.wp.com\/www.cine-art-loisir.com\/blog\/wp-content\/uploads\/2020\/01\/332-2.jpg?resize=768%2C578&amp;ssl=1 768w, https:\/\/i0.wp.com\/www.cine-art-loisir.com\/blog\/wp-content\/uploads\/2020\/01\/332-2.jpg?w=1250&amp;ssl=1 1250w\" sizes=\"auto, (max-width: 780px) 100vw, 780px\" \/><\/figure><\/li><li class=\"blocks-gallery-item\"><figure><img data-recalc-dims=\"1\" loading=\"lazy\" decoding=\"async\" width=\"780\" height=\"491\" src=\"https:\/\/i0.wp.com\/blog.cine-art-loisir.fr\/wp-content\/uploads\/2020\/01\/17311169_1396261537096905_478867841160407765_o-1024x645.jpg?resize=780%2C491&#038;ssl=1\" alt=\"\" data-id=\"1704\" data-full-url=\"https:\/\/blog.cine-art-loisir.fr\/wp-content\/uploads\/2020\/01\/17311169_1396261537096905_478867841160407765_o.jpg\" data-link=\"https:\/\/blog.cine-art-loisir.fr\/?attachment_id=1704#main\" class=\"wp-image-1704\" srcset=\"https:\/\/i0.wp.com\/www.cine-art-loisir.com\/blog\/wp-content\/uploads\/2020\/01\/17311169_1396261537096905_478867841160407765_o.jpg?resize=1024%2C645&amp;ssl=1 1024w, https:\/\/i0.wp.com\/www.cine-art-loisir.com\/blog\/wp-content\/uploads\/2020\/01\/17311169_1396261537096905_478867841160407765_o.jpg?resize=300%2C189&amp;ssl=1 300w, https:\/\/i0.wp.com\/www.cine-art-loisir.com\/blog\/wp-content\/uploads\/2020\/01\/17311169_1396261537096905_478867841160407765_o.jpg?resize=768%2C484&amp;ssl=1 768w, https:\/\/i0.wp.com\/www.cine-art-loisir.com\/blog\/wp-content\/uploads\/2020\/01\/17311169_1396261537096905_478867841160407765_o.jpg?w=1200&amp;ssl=1 1200w\" sizes=\"auto, (max-width: 780px) 100vw, 780px\" \/><\/figure><\/li><\/ul><\/figure>\n\n\n\n<p>En 2007, dix ans apr\u00e8s son premier reportage dans ce Carmel, <em>Cin\u00e9 Art Loisir<\/em> fait d\u00e9couvrir \u00e0 nouveau cette vie familiale, simple et belle, fraternelle et harmonieuse qui s\u2019\u00e9panouit dans un climat d\u2019all\u00e9gresse et de gaiet\u00e9 propre \u00e0 l\u2019Ordre et \u00e0 la vocation des Carm\u00e9lites. En 1986, ils n\u2019avaient pu avoir que des images (avec les carm\u00e9lites de dos), cette fois-ci, ils r\u00e9ussirent \u00e0 recueillir des t\u00e9moignages, derri\u00e8re les grilles, face \u00e0 la cam\u00e9ra.<\/p>\n\n\n\n<figure class=\"wp-block-gallery columns-2 is-cropped wp-block-gallery-3 is-layout-flex wp-block-gallery-is-layout-flex\"><ul class=\"blocks-gallery-grid\"><li class=\"blocks-gallery-item\"><figure><img data-recalc-dims=\"1\" loading=\"lazy\" decoding=\"async\" width=\"780\" height=\"587\" src=\"https:\/\/i0.wp.com\/blog.cine-art-loisir.fr\/wp-content\/uploads\/2020\/01\/HPIM2000-1024x770.jpg?resize=780%2C587&#038;ssl=1\" alt=\"\" data-id=\"1706\" data-link=\"https:\/\/blog.cine-art-loisir.fr\/?attachment_id=1706#main\" class=\"wp-image-1706\" srcset=\"https:\/\/i0.wp.com\/www.cine-art-loisir.com\/blog\/wp-content\/uploads\/2020\/01\/HPIM2000.jpg?resize=1024%2C770&amp;ssl=1 1024w, https:\/\/i0.wp.com\/www.cine-art-loisir.com\/blog\/wp-content\/uploads\/2020\/01\/HPIM2000.jpg?resize=300%2C226&amp;ssl=1 300w, https:\/\/i0.wp.com\/www.cine-art-loisir.com\/blog\/wp-content\/uploads\/2020\/01\/HPIM2000.jpg?resize=768%2C577&amp;ssl=1 768w, https:\/\/i0.wp.com\/www.cine-art-loisir.com\/blog\/wp-content\/uploads\/2020\/01\/HPIM2000.jpg?w=1200&amp;ssl=1 1200w\" sizes=\"auto, (max-width: 780px) 100vw, 780px\" \/><figcaption class=\"blocks-gallery-item__caption\">Sc\u00e8ne de tournage<\/figcaption><\/figure><\/li><li class=\"blocks-gallery-item\"><figure><img data-recalc-dims=\"1\" loading=\"lazy\" decoding=\"async\" width=\"780\" height=\"587\" src=\"https:\/\/i0.wp.com\/blog.cine-art-loisir.fr\/wp-content\/uploads\/2020\/01\/HPIM2038a-1024x770.jpg?resize=780%2C587&#038;ssl=1\" alt=\"\" data-id=\"1707\" data-link=\"https:\/\/blog.cine-art-loisir.fr\/?attachment_id=1707#main\" class=\"wp-image-1707\" srcset=\"https:\/\/i0.wp.com\/www.cine-art-loisir.com\/blog\/wp-content\/uploads\/2020\/01\/HPIM2038a.jpg?resize=1024%2C770&amp;ssl=1 1024w, https:\/\/i0.wp.com\/www.cine-art-loisir.com\/blog\/wp-content\/uploads\/2020\/01\/HPIM2038a.jpg?resize=300%2C226&amp;ssl=1 300w, https:\/\/i0.wp.com\/www.cine-art-loisir.com\/blog\/wp-content\/uploads\/2020\/01\/HPIM2038a.jpg?resize=768%2C577&amp;ssl=1 768w, https:\/\/i0.wp.com\/www.cine-art-loisir.com\/blog\/wp-content\/uploads\/2020\/01\/HPIM2038a.jpg?w=1200&amp;ssl=1 1200w\" sizes=\"auto, (max-width: 780px) 100vw, 780px\" \/><figcaption class=\"blocks-gallery-item__caption\">Explications sur le tournage<\/figcaption><\/figure><\/li><\/ul><\/figure>\n\n\n\n<p>La vocation procure beaucoup de bonheur aux religieuses. Cette joie est octroy\u00e9e \u00e0 ceux et celles qui connaissent le privil\u00e8ge de servir Dieu au cours d\u2019une vie humble, silencieuse et discr\u00e8te.<\/p>\n\n\n\n<p>Sainte Th\u00e9r\u00e8se d\u2019Avila, grande Dame de Castille \u00e0 la personnalit\u00e9 rayonnante et exceptionnelle a marqu\u00e9 de son sceau \u00e9ternel l\u2019histoire de l\u2019\u00c9glise universelle par sa grande et audacieuse r\u00e9forme de l\u2019Ordre carm\u00e9litain au XVIe si\u00e8cle.<\/p>\n\n\n\n<p>Les moniales du carmel d\u2019Ars vivent selon l\u2019observance fid\u00e8le et g\u00e9n\u00e9reuse de la r\u00e8gle primitive et des constitutions de Sainte Th\u00e9r\u00e8se d\u2019Avila, en s\u2019employant \u00e0 r\u00e9pondre \u00e0 l\u2019appel de Dieu avec une d\u00e9votion d\u00e9sint\u00e9ress\u00e9e, en ces temps difficiles dans l\u2019histoire de l\u2019\u00c9glise et du monde.<\/p>\n\n\n\n<figure class=\"wp-block-gallery columns-1 is-cropped wp-block-gallery-4 is-layout-flex wp-block-gallery-is-layout-flex\"><ul class=\"blocks-gallery-grid\"><li class=\"blocks-gallery-item\"><figure><img data-recalc-dims=\"1\" loading=\"lazy\" decoding=\"async\" width=\"780\" height=\"587\" src=\"https:\/\/i0.wp.com\/blog.cine-art-loisir.fr\/wp-content\/uploads\/2020\/01\/347-1024x770.jpg?resize=780%2C587&#038;ssl=1\" alt=\"\" data-id=\"1209\" class=\"wp-image-1209\" srcset=\"https:\/\/i0.wp.com\/www.cine-art-loisir.com\/blog\/wp-content\/uploads\/2020\/01\/347.jpg?resize=1024%2C770&amp;ssl=1 1024w, https:\/\/i0.wp.com\/www.cine-art-loisir.com\/blog\/wp-content\/uploads\/2020\/01\/347.jpg?resize=300%2C226&amp;ssl=1 300w, https:\/\/i0.wp.com\/www.cine-art-loisir.com\/blog\/wp-content\/uploads\/2020\/01\/347.jpg?resize=768%2C577&amp;ssl=1 768w, https:\/\/i0.wp.com\/www.cine-art-loisir.com\/blog\/wp-content\/uploads\/2020\/01\/347.jpg?w=1200&amp;ssl=1 1200w\" sizes=\"auto, (max-width: 780px) 100vw, 780px\" \/><\/figure><\/li><\/ul><\/figure>\n\n\n\n<p>En 2007, il y a 28 moniales au Carmel d\u2019Ars dont 6 novices.<\/p>\n\n\n\n<figure class=\"wp-block-gallery columns-1 is-cropped wp-block-gallery-5 is-layout-flex wp-block-gallery-is-layout-flex\"><ul class=\"blocks-gallery-grid\"><li class=\"blocks-gallery-item\"><figure><img data-recalc-dims=\"1\" loading=\"lazy\" decoding=\"async\" width=\"780\" height=\"523\" src=\"https:\/\/i0.wp.com\/blog.cine-art-loisir.fr\/wp-content\/uploads\/2020\/01\/0008-1-1024x687.jpg?resize=780%2C523&#038;ssl=1\" alt=\"\" data-id=\"1709\" class=\"wp-image-1709\" srcset=\"https:\/\/i0.wp.com\/www.cine-art-loisir.com\/blog\/wp-content\/uploads\/2020\/01\/0008-1.jpg?resize=1024%2C687&amp;ssl=1 1024w, https:\/\/i0.wp.com\/www.cine-art-loisir.com\/blog\/wp-content\/uploads\/2020\/01\/0008-1.jpg?resize=300%2C201&amp;ssl=1 300w, https:\/\/i0.wp.com\/www.cine-art-loisir.com\/blog\/wp-content\/uploads\/2020\/01\/0008-1.jpg?resize=768%2C515&amp;ssl=1 768w, https:\/\/i0.wp.com\/www.cine-art-loisir.com\/blog\/wp-content\/uploads\/2020\/01\/0008-1.jpg?w=1250&amp;ssl=1 1250w\" sizes=\"auto, (max-width: 780px) 100vw, 780px\" \/><figcaption class=\"blocks-gallery-item__caption\">Jean-Paul II au carmel d\u2019Ars le 6 octobre 1986 (archive reprise dans le film de 2007).<\/figcaption><\/figure><\/li><\/ul><\/figure>\n\n\n\n<p class=\"has-text-align-center\"><a href=\"https:\/\/boutique.cine-art-loisir.fr\/fr\/dvd-cd-monast%C3%A8res\/2-dialogues-au-carmel-d-ars-en-2007-9782490373093.html\" target=\"_blank\" rel=\"noreferrer noopener\" aria-label=\"Retrouvez ce film au format DVD sur notre boutique en ligne en cliquant ici. (opens in a new tab)\">Retrouvez ce film au format DVD sur notre boutique en ligne en cliquant ici.<\/a><\/p>\n\n\n\n<figure class=\"wp-block-image size-large\"><a href=\"https:\/\/boutique.cine-art-loisir.fr\/fr\/dvd-cd-monast%C3%A8res\/2-dialogues-au-carmel-d-ars-en-2007-9782490373093.html\" target=\"_blank\" rel=\"noreferrer noopener\"><img data-recalc-dims=\"1\" loading=\"lazy\" decoding=\"async\" width=\"780\" height=\"780\" src=\"https:\/\/i0.wp.com\/www.cine-art-loisir.com\/blog\/wp-content\/uploads\/2020\/03\/2007-CARM-ARS-face.png?resize=780%2C780&#038;ssl=1\" alt=\"\" class=\"wp-image-4499\" srcset=\"https:\/\/i0.wp.com\/www.cine-art-loisir.com\/blog\/wp-content\/uploads\/2020\/03\/2007-CARM-ARS-face.png?w=800&amp;ssl=1 800w, https:\/\/i0.wp.com\/www.cine-art-loisir.com\/blog\/wp-content\/uploads\/2020\/03\/2007-CARM-ARS-face.png?resize=300%2C300&amp;ssl=1 300w, https:\/\/i0.wp.com\/www.cine-art-loisir.com\/blog\/wp-content\/uploads\/2020\/03\/2007-CARM-ARS-face.png?resize=150%2C150&amp;ssl=1 150w, https:\/\/i0.wp.com\/www.cine-art-loisir.com\/blog\/wp-content\/uploads\/2020\/03\/2007-CARM-ARS-face.png?resize=768%2C768&amp;ssl=1 768w, https:\/\/i0.wp.com\/www.cine-art-loisir.com\/blog\/wp-content\/uploads\/2020\/03\/2007-CARM-ARS-face.png?resize=200%2C200&amp;ssl=1 200w\" sizes=\"auto, (max-width: 780px) 100vw, 780px\" \/><\/a><\/figure>\n","protected":false},"excerpt":{"rendered":"<p>Les femmes du silence, les \u00e9pouses du Christ Un univers de pri\u00e8res, de silence et de solitude, des carm\u00e9lites retir\u00e9es du monde&nbsp;: le but de la vie des carm\u00e9lites est pr\u00e9cis. En effet, il s\u2019agit d\u2019une vie faite de pri\u00e8res de sacrifices qui vise \u00e0 la sanctification des pr\u00eatres et au salut des \u00e2mes. La <a class=\"more-link\" href=\"https:\/\/www.cine-art-loisir.com\/blog\/2007\/10\/05\/les-carmelites-du-saint-cure-dars-2007-jc-guerguy\/\">Lire plus &#8230;<\/a><\/p>\n","protected":false},"author":1,"featured_media":1704,"comment_status":"open","ping_status":"open","sticky":false,"template":"","format":"standard","meta":{"_jetpack_memberships_contains_paid_content":false,"footnotes":""},"categories":[47,19],"tags":[],"class_list":["post-466","post","type-post","status-publish","format-standard","has-post-thumbnail","hentry","category-carmetlites","category-relief-de-france-les-monasteres"],"yoast_head":"<!-- This site is optimized with the Yoast SEO plugin v27.5 - https:\/\/yoast.com\/product\/yoast-seo-wordpress\/ -->\n<title>Dialogues au Carmel du saint Cur\u00e9 d\u2019Ars \u2013 2007 - Cin\u00e9 Art Loisir<\/title>\n<meta name=\"robots\" content=\"index, follow, max-snippet:-1, max-image-preview:large, max-video-preview:-1\" \/>\n<link rel=\"canonical\" href=\"https:\/\/www.cine-art-loisir.com\/blog\/2007\/10\/05\/les-carmelites-du-saint-cure-dars-2007-jc-guerguy\/\" \/>\n<meta property=\"og:locale\" content=\"fr_FR\" \/>\n<meta property=\"og:type\" content=\"article\" \/>\n<meta property=\"og:title\" content=\"Dialogues au Carmel du saint Cur\u00e9 d\u2019Ars \u2013 2007 - Cin\u00e9 Art Loisir\" \/>\n<meta property=\"og:description\" content=\"Les femmes du silence, les \u00e9pouses du Christ Un univers de pri\u00e8res, de silence et de solitude, des carm\u00e9lites retir\u00e9es du monde&nbsp;: le but de la vie des carm\u00e9lites est pr\u00e9cis. En effet, il s\u2019agit d\u2019une vie faite de pri\u00e8res de sacrifices qui vise \u00e0 la sanctification des pr\u00eatres et au salut des \u00e2mes. La Lire plus ...\" \/>\n<meta property=\"og:url\" content=\"https:\/\/www.cine-art-loisir.com\/blog\/2007\/10\/05\/les-carmelites-du-saint-cure-dars-2007-jc-guerguy\/\" \/>\n<meta property=\"og:site_name\" content=\"Cin\u00e9 Art Loisir\" \/>\n<meta property=\"article:published_time\" content=\"2007-10-05T06:42:00+00:00\" \/>\n<meta property=\"article:modified_time\" content=\"2020-03-15T20:31:08+00:00\" \/>\n<meta property=\"og:image\" content=\"https:\/\/www.cine-art-loisir.com\/blog\/wp-content\/uploads\/2020\/01\/17311169_1396261537096905_478867841160407765_o.jpg\" \/>\n\t<meta property=\"og:image:width\" content=\"1200\" \/>\n\t<meta property=\"og:image:height\" content=\"756\" \/>\n\t<meta property=\"og:image:type\" content=\"image\/jpeg\" \/>\n<meta name=\"author\" content=\"Fremiot\" \/>\n<meta name=\"twitter:card\" content=\"summary_large_image\" \/>\n<meta name=\"twitter:label1\" content=\"\u00c9crit par\" \/>\n\t<meta name=\"twitter:data1\" content=\"Fremiot\" \/>\n\t<meta name=\"twitter:label2\" content=\"Dur\u00e9e de lecture estim\u00e9e\" \/>\n\t<meta name=\"twitter:data2\" content=\"3 minutes\" \/>\n<script type=\"application\/ld+json\" class=\"yoast-schema-graph\">{\"@context\":\"https:\\\/\\\/schema.org\",\"@graph\":[{\"@type\":\"Article\",\"@id\":\"https:\\\/\\\/www.cine-art-loisir.com\\\/blog\\\/2007\\\/10\\\/05\\\/les-carmelites-du-saint-cure-dars-2007-jc-guerguy\\\/#article\",\"isPartOf\":{\"@id\":\"https:\\\/\\\/www.cine-art-loisir.com\\\/blog\\\/2007\\\/10\\\/05\\\/les-carmelites-du-saint-cure-dars-2007-jc-guerguy\\\/\"},\"author\":{\"name\":\"Fremiot\",\"@id\":\"https:\\\/\\\/www.cine-art-loisir.com\\\/blog\\\/#\\\/schema\\\/person\\\/3cc5b9cb07ff09e86edbe2b13b7fe969\"},\"headline\":\"Dialogues au Carmel du saint Cur\u00e9 d\u2019Ars \u2013 2007\",\"datePublished\":\"2007-10-05T06:42:00+00:00\",\"dateModified\":\"2020-03-15T20:31:08+00:00\",\"mainEntityOfPage\":{\"@id\":\"https:\\\/\\\/www.cine-art-loisir.com\\\/blog\\\/2007\\\/10\\\/05\\\/les-carmelites-du-saint-cure-dars-2007-jc-guerguy\\\/\"},\"wordCount\":587,\"commentCount\":0,\"publisher\":{\"@id\":\"https:\\\/\\\/www.cine-art-loisir.com\\\/blog\\\/#organization\"},\"image\":{\"@id\":\"https:\\\/\\\/www.cine-art-loisir.com\\\/blog\\\/2007\\\/10\\\/05\\\/les-carmelites-du-saint-cure-dars-2007-jc-guerguy\\\/#primaryimage\"},\"thumbnailUrl\":\"https:\\\/\\\/i0.wp.com\\\/www.cine-art-loisir.com\\\/blog\\\/wp-content\\\/uploads\\\/2020\\\/01\\\/17311169_1396261537096905_478867841160407765_o.jpg?fit=1200%2C756&ssl=1\",\"articleSection\":[\"Carm\u00e9lites\",\"Relief de France, les monast\u00e8res\"],\"inLanguage\":\"fr-FR\",\"potentialAction\":[{\"@type\":\"CommentAction\",\"name\":\"Comment\",\"target\":[\"https:\\\/\\\/www.cine-art-loisir.com\\\/blog\\\/2007\\\/10\\\/05\\\/les-carmelites-du-saint-cure-dars-2007-jc-guerguy\\\/#respond\"]}]},{\"@type\":\"WebPage\",\"@id\":\"https:\\\/\\\/www.cine-art-loisir.com\\\/blog\\\/2007\\\/10\\\/05\\\/les-carmelites-du-saint-cure-dars-2007-jc-guerguy\\\/\",\"url\":\"https:\\\/\\\/www.cine-art-loisir.com\\\/blog\\\/2007\\\/10\\\/05\\\/les-carmelites-du-saint-cure-dars-2007-jc-guerguy\\\/\",\"name\":\"Dialogues au Carmel du saint Cur\u00e9 d\u2019Ars \u2013 2007 - Cin\u00e9 Art Loisir\",\"isPartOf\":{\"@id\":\"https:\\\/\\\/www.cine-art-loisir.com\\\/blog\\\/#website\"},\"primaryImageOfPage\":{\"@id\":\"https:\\\/\\\/www.cine-art-loisir.com\\\/blog\\\/2007\\\/10\\\/05\\\/les-carmelites-du-saint-cure-dars-2007-jc-guerguy\\\/#primaryimage\"},\"image\":{\"@id\":\"https:\\\/\\\/www.cine-art-loisir.com\\\/blog\\\/2007\\\/10\\\/05\\\/les-carmelites-du-saint-cure-dars-2007-jc-guerguy\\\/#primaryimage\"},\"thumbnailUrl\":\"https:\\\/\\\/i0.wp.com\\\/www.cine-art-loisir.com\\\/blog\\\/wp-content\\\/uploads\\\/2020\\\/01\\\/17311169_1396261537096905_478867841160407765_o.jpg?fit=1200%2C756&ssl=1\",\"datePublished\":\"2007-10-05T06:42:00+00:00\",\"dateModified\":\"2020-03-15T20:31:08+00:00\",\"breadcrumb\":{\"@id\":\"https:\\\/\\\/www.cine-art-loisir.com\\\/blog\\\/2007\\\/10\\\/05\\\/les-carmelites-du-saint-cure-dars-2007-jc-guerguy\\\/#breadcrumb\"},\"inLanguage\":\"fr-FR\",\"potentialAction\":[{\"@type\":\"ReadAction\",\"target\":[\"https:\\\/\\\/www.cine-art-loisir.com\\\/blog\\\/2007\\\/10\\\/05\\\/les-carmelites-du-saint-cure-dars-2007-jc-guerguy\\\/\"]}]},{\"@type\":\"ImageObject\",\"inLanguage\":\"fr-FR\",\"@id\":\"https:\\\/\\\/www.cine-art-loisir.com\\\/blog\\\/2007\\\/10\\\/05\\\/les-carmelites-du-saint-cure-dars-2007-jc-guerguy\\\/#primaryimage\",\"url\":\"https:\\\/\\\/i0.wp.com\\\/www.cine-art-loisir.com\\\/blog\\\/wp-content\\\/uploads\\\/2020\\\/01\\\/17311169_1396261537096905_478867841160407765_o.jpg?fit=1200%2C756&ssl=1\",\"contentUrl\":\"https:\\\/\\\/i0.wp.com\\\/www.cine-art-loisir.com\\\/blog\\\/wp-content\\\/uploads\\\/2020\\\/01\\\/17311169_1396261537096905_478867841160407765_o.jpg?fit=1200%2C756&ssl=1\",\"width\":1200,\"height\":756},{\"@type\":\"BreadcrumbList\",\"@id\":\"https:\\\/\\\/www.cine-art-loisir.com\\\/blog\\\/2007\\\/10\\\/05\\\/les-carmelites-du-saint-cure-dars-2007-jc-guerguy\\\/#breadcrumb\",\"itemListElement\":[{\"@type\":\"ListItem\",\"position\":1,\"name\":\"Accueil\",\"item\":\"https:\\\/\\\/www.cine-art-loisir.com\\\/blog\\\/\"},{\"@type\":\"ListItem\",\"position\":2,\"name\":\"Dialogues au Carmel du saint Cur\u00e9 d\u2019Ars \u2013 2007\"}]},{\"@type\":\"WebSite\",\"@id\":\"https:\\\/\\\/www.cine-art-loisir.com\\\/blog\\\/#website\",\"url\":\"https:\\\/\\\/www.cine-art-loisir.com\\\/blog\\\/\",\"name\":\"Cin\u00e9 Art Loisir\",\"description\":\"Spectacles - Films - Reportages - Documentaires monastiques - Expositions\",\"publisher\":{\"@id\":\"https:\\\/\\\/www.cine-art-loisir.com\\\/blog\\\/#organization\"},\"potentialAction\":[{\"@type\":\"SearchAction\",\"target\":{\"@type\":\"EntryPoint\",\"urlTemplate\":\"https:\\\/\\\/www.cine-art-loisir.com\\\/blog\\\/?s={search_term_string}\"},\"query-input\":{\"@type\":\"PropertyValueSpecification\",\"valueRequired\":true,\"valueName\":\"search_term_string\"}}],\"inLanguage\":\"fr-FR\"},{\"@type\":\"Organization\",\"@id\":\"https:\\\/\\\/www.cine-art-loisir.com\\\/blog\\\/#organization\",\"name\":\"Cin\u00e9 Art Loisir\",\"url\":\"https:\\\/\\\/www.cine-art-loisir.com\\\/blog\\\/\",\"logo\":{\"@type\":\"ImageObject\",\"inLanguage\":\"fr-FR\",\"@id\":\"https:\\\/\\\/www.cine-art-loisir.com\\\/blog\\\/#\\\/schema\\\/logo\\\/image\\\/\",\"url\":\"https:\\\/\\\/i0.wp.com\\\/www.cine-art-loisir.com\\\/blog\\\/wp-content\\\/uploads\\\/2025\\\/11\\\/cropped-Logo-CAL-2025-150px.webp?fit=150%2C150&ssl=1\",\"contentUrl\":\"https:\\\/\\\/i0.wp.com\\\/www.cine-art-loisir.com\\\/blog\\\/wp-content\\\/uploads\\\/2025\\\/11\\\/cropped-Logo-CAL-2025-150px.webp?fit=150%2C150&ssl=1\",\"width\":150,\"height\":150,\"caption\":\"Cin\u00e9 Art Loisir\"},\"image\":{\"@id\":\"https:\\\/\\\/www.cine-art-loisir.com\\\/blog\\\/#\\\/schema\\\/logo\\\/image\\\/\"}},{\"@type\":\"Person\",\"@id\":\"https:\\\/\\\/www.cine-art-loisir.com\\\/blog\\\/#\\\/schema\\\/person\\\/3cc5b9cb07ff09e86edbe2b13b7fe969\",\"name\":\"Fremiot\",\"image\":{\"@type\":\"ImageObject\",\"inLanguage\":\"fr-FR\",\"@id\":\"https:\\\/\\\/secure.gravatar.com\\\/avatar\\\/235eece3e685649d05bcb3ca0e207b850596b6d2ce1b3ad28fbf2ae603007f68?s=96&d=mm&r=g\",\"url\":\"https:\\\/\\\/secure.gravatar.com\\\/avatar\\\/235eece3e685649d05bcb3ca0e207b850596b6d2ce1b3ad28fbf2ae603007f68?s=96&d=mm&r=g\",\"contentUrl\":\"https:\\\/\\\/secure.gravatar.com\\\/avatar\\\/235eece3e685649d05bcb3ca0e207b850596b6d2ce1b3ad28fbf2ae603007f68?s=96&d=mm&r=g\",\"caption\":\"Fremiot\"},\"url\":\"https:\\\/\\\/www.cine-art-loisir.com\\\/blog\\\/author\\\/fremiot\\\/\"}]}<\/script>\n<!-- \/ Yoast SEO plugin. -->","yoast_head_json":{"title":"Dialogues au Carmel du saint Cur\u00e9 d\u2019Ars \u2013 2007 - Cin\u00e9 Art Loisir","robots":{"index":"index","follow":"follow","max-snippet":"max-snippet:-1","max-image-preview":"max-image-preview:large","max-video-preview":"max-video-preview:-1"},"canonical":"https:\/\/www.cine-art-loisir.com\/blog\/2007\/10\/05\/les-carmelites-du-saint-cure-dars-2007-jc-guerguy\/","og_locale":"fr_FR","og_type":"article","og_title":"Dialogues au Carmel du saint Cur\u00e9 d\u2019Ars \u2013 2007 - Cin\u00e9 Art Loisir","og_description":"Les femmes du silence, les \u00e9pouses du Christ Un univers de pri\u00e8res, de silence et de solitude, des carm\u00e9lites retir\u00e9es du monde&nbsp;: le but de la vie des carm\u00e9lites est pr\u00e9cis. En effet, il s\u2019agit d\u2019une vie faite de pri\u00e8res de sacrifices qui vise \u00e0 la sanctification des pr\u00eatres et au salut des \u00e2mes. La Lire plus ...","og_url":"https:\/\/www.cine-art-loisir.com\/blog\/2007\/10\/05\/les-carmelites-du-saint-cure-dars-2007-jc-guerguy\/","og_site_name":"Cin\u00e9 Art Loisir","article_published_time":"2007-10-05T06:42:00+00:00","article_modified_time":"2020-03-15T20:31:08+00:00","og_image":[{"width":1200,"height":756,"url":"https:\/\/www.cine-art-loisir.com\/blog\/wp-content\/uploads\/2020\/01\/17311169_1396261537096905_478867841160407765_o.jpg","type":"image\/jpeg"}],"author":"Fremiot","twitter_card":"summary_large_image","twitter_misc":{"\u00c9crit par":"Fremiot","Dur\u00e9e de lecture estim\u00e9e":"3 minutes"},"schema":{"@context":"https:\/\/schema.org","@graph":[{"@type":"Article","@id":"https:\/\/www.cine-art-loisir.com\/blog\/2007\/10\/05\/les-carmelites-du-saint-cure-dars-2007-jc-guerguy\/#article","isPartOf":{"@id":"https:\/\/www.cine-art-loisir.com\/blog\/2007\/10\/05\/les-carmelites-du-saint-cure-dars-2007-jc-guerguy\/"},"author":{"name":"Fremiot","@id":"https:\/\/www.cine-art-loisir.com\/blog\/#\/schema\/person\/3cc5b9cb07ff09e86edbe2b13b7fe969"},"headline":"Dialogues au Carmel du saint Cur\u00e9 d\u2019Ars \u2013 2007","datePublished":"2007-10-05T06:42:00+00:00","dateModified":"2020-03-15T20:31:08+00:00","mainEntityOfPage":{"@id":"https:\/\/www.cine-art-loisir.com\/blog\/2007\/10\/05\/les-carmelites-du-saint-cure-dars-2007-jc-guerguy\/"},"wordCount":587,"commentCount":0,"publisher":{"@id":"https:\/\/www.cine-art-loisir.com\/blog\/#organization"},"image":{"@id":"https:\/\/www.cine-art-loisir.com\/blog\/2007\/10\/05\/les-carmelites-du-saint-cure-dars-2007-jc-guerguy\/#primaryimage"},"thumbnailUrl":"https:\/\/i0.wp.com\/www.cine-art-loisir.com\/blog\/wp-content\/uploads\/2020\/01\/17311169_1396261537096905_478867841160407765_o.jpg?fit=1200%2C756&ssl=1","articleSection":["Carm\u00e9lites","Relief de France, les monast\u00e8res"],"inLanguage":"fr-FR","potentialAction":[{"@type":"CommentAction","name":"Comment","target":["https:\/\/www.cine-art-loisir.com\/blog\/2007\/10\/05\/les-carmelites-du-saint-cure-dars-2007-jc-guerguy\/#respond"]}]},{"@type":"WebPage","@id":"https:\/\/www.cine-art-loisir.com\/blog\/2007\/10\/05\/les-carmelites-du-saint-cure-dars-2007-jc-guerguy\/","url":"https:\/\/www.cine-art-loisir.com\/blog\/2007\/10\/05\/les-carmelites-du-saint-cure-dars-2007-jc-guerguy\/","name":"Dialogues au Carmel du saint Cur\u00e9 d\u2019Ars \u2013 2007 - Cin\u00e9 Art Loisir","isPartOf":{"@id":"https:\/\/www.cine-art-loisir.com\/blog\/#website"},"primaryImageOfPage":{"@id":"https:\/\/www.cine-art-loisir.com\/blog\/2007\/10\/05\/les-carmelites-du-saint-cure-dars-2007-jc-guerguy\/#primaryimage"},"image":{"@id":"https:\/\/www.cine-art-loisir.com\/blog\/2007\/10\/05\/les-carmelites-du-saint-cure-dars-2007-jc-guerguy\/#primaryimage"},"thumbnailUrl":"https:\/\/i0.wp.com\/www.cine-art-loisir.com\/blog\/wp-content\/uploads\/2020\/01\/17311169_1396261537096905_478867841160407765_o.jpg?fit=1200%2C756&ssl=1","datePublished":"2007-10-05T06:42:00+00:00","dateModified":"2020-03-15T20:31:08+00:00","breadcrumb":{"@id":"https:\/\/www.cine-art-loisir.com\/blog\/2007\/10\/05\/les-carmelites-du-saint-cure-dars-2007-jc-guerguy\/#breadcrumb"},"inLanguage":"fr-FR","potentialAction":[{"@type":"ReadAction","target":["https:\/\/www.cine-art-loisir.com\/blog\/2007\/10\/05\/les-carmelites-du-saint-cure-dars-2007-jc-guerguy\/"]}]},{"@type":"ImageObject","inLanguage":"fr-FR","@id":"https:\/\/www.cine-art-loisir.com\/blog\/2007\/10\/05\/les-carmelites-du-saint-cure-dars-2007-jc-guerguy\/#primaryimage","url":"https:\/\/i0.wp.com\/www.cine-art-loisir.com\/blog\/wp-content\/uploads\/2020\/01\/17311169_1396261537096905_478867841160407765_o.jpg?fit=1200%2C756&ssl=1","contentUrl":"https:\/\/i0.wp.com\/www.cine-art-loisir.com\/blog\/wp-content\/uploads\/2020\/01\/17311169_1396261537096905_478867841160407765_o.jpg?fit=1200%2C756&ssl=1","width":1200,"height":756},{"@type":"BreadcrumbList","@id":"https:\/\/www.cine-art-loisir.com\/blog\/2007\/10\/05\/les-carmelites-du-saint-cure-dars-2007-jc-guerguy\/#breadcrumb","itemListElement":[{"@type":"ListItem","position":1,"name":"Accueil","item":"https:\/\/www.cine-art-loisir.com\/blog\/"},{"@type":"ListItem","position":2,"name":"Dialogues au Carmel du saint Cur\u00e9 d\u2019Ars \u2013 2007"}]},{"@type":"WebSite","@id":"https:\/\/www.cine-art-loisir.com\/blog\/#website","url":"https:\/\/www.cine-art-loisir.com\/blog\/","name":"Cin\u00e9 Art Loisir","description":"Spectacles - Films - Reportages - Documentaires monastiques - Expositions","publisher":{"@id":"https:\/\/www.cine-art-loisir.com\/blog\/#organization"},"potentialAction":[{"@type":"SearchAction","target":{"@type":"EntryPoint","urlTemplate":"https:\/\/www.cine-art-loisir.com\/blog\/?s={search_term_string}"},"query-input":{"@type":"PropertyValueSpecification","valueRequired":true,"valueName":"search_term_string"}}],"inLanguage":"fr-FR"},{"@type":"Organization","@id":"https:\/\/www.cine-art-loisir.com\/blog\/#organization","name":"Cin\u00e9 Art Loisir","url":"https:\/\/www.cine-art-loisir.com\/blog\/","logo":{"@type":"ImageObject","inLanguage":"fr-FR","@id":"https:\/\/www.cine-art-loisir.com\/blog\/#\/schema\/logo\/image\/","url":"https:\/\/i0.wp.com\/www.cine-art-loisir.com\/blog\/wp-content\/uploads\/2025\/11\/cropped-Logo-CAL-2025-150px.webp?fit=150%2C150&ssl=1","contentUrl":"https:\/\/i0.wp.com\/www.cine-art-loisir.com\/blog\/wp-content\/uploads\/2025\/11\/cropped-Logo-CAL-2025-150px.webp?fit=150%2C150&ssl=1","width":150,"height":150,"caption":"Cin\u00e9 Art Loisir"},"image":{"@id":"https:\/\/www.cine-art-loisir.com\/blog\/#\/schema\/logo\/image\/"}},{"@type":"Person","@id":"https:\/\/www.cine-art-loisir.com\/blog\/#\/schema\/person\/3cc5b9cb07ff09e86edbe2b13b7fe969","name":"Fremiot","image":{"@type":"ImageObject","inLanguage":"fr-FR","@id":"https:\/\/secure.gravatar.com\/avatar\/235eece3e685649d05bcb3ca0e207b850596b6d2ce1b3ad28fbf2ae603007f68?s=96&d=mm&r=g","url":"https:\/\/secure.gravatar.com\/avatar\/235eece3e685649d05bcb3ca0e207b850596b6d2ce1b3ad28fbf2ae603007f68?s=96&d=mm&r=g","contentUrl":"https:\/\/secure.gravatar.com\/avatar\/235eece3e685649d05bcb3ca0e207b850596b6d2ce1b3ad28fbf2ae603007f68?s=96&d=mm&r=g","caption":"Fremiot"},"url":"https:\/\/www.cine-art-loisir.com\/blog\/author\/fremiot\/"}]}},"jetpack_featured_media_url":"https:\/\/i0.wp.com\/www.cine-art-loisir.com\/blog\/wp-content\/uploads\/2020\/01\/17311169_1396261537096905_478867841160407765_o.jpg?fit=1200%2C756&ssl=1","jetpack_sharing_enabled":true,"_links":{"self":[{"href":"https:\/\/www.cine-art-loisir.com\/blog\/wp-json\/wp\/v2\/posts\/466","targetHints":{"allow":["GET"]}}],"collection":[{"href":"https:\/\/www.cine-art-loisir.com\/blog\/wp-json\/wp\/v2\/posts"}],"about":[{"href":"https:\/\/www.cine-art-loisir.com\/blog\/wp-json\/wp\/v2\/types\/post"}],"author":[{"embeddable":true,"href":"https:\/\/www.cine-art-loisir.com\/blog\/wp-json\/wp\/v2\/users\/1"}],"replies":[{"embeddable":true,"href":"https:\/\/www.cine-art-loisir.com\/blog\/wp-json\/wp\/v2\/comments?post=466"}],"version-history":[{"count":0,"href":"https:\/\/www.cine-art-loisir.com\/blog\/wp-json\/wp\/v2\/posts\/466\/revisions"}],"wp:featuredmedia":[{"embeddable":true,"href":"https:\/\/www.cine-art-loisir.com\/blog\/wp-json\/wp\/v2\/media\/1704"}],"wp:attachment":[{"href":"https:\/\/www.cine-art-loisir.com\/blog\/wp-json\/wp\/v2\/media?parent=466"}],"wp:term":[{"taxonomy":"category","embeddable":true,"href":"https:\/\/www.cine-art-loisir.com\/blog\/wp-json\/wp\/v2\/categories?post=466"},{"taxonomy":"post_tag","embeddable":true,"href":"https:\/\/www.cine-art-loisir.com\/blog\/wp-json\/wp\/v2\/tags?post=466"}],"curies":[{"name":"wp","href":"https:\/\/api.w.org\/{rel}","templated":true}]}}