{"id":5330,"date":"2020-08-04T21:42:33","date_gmt":"2020-08-04T21:42:33","guid":{"rendered":"https:\/\/www.cine-art-loisir.com\/blog\/?p=5330"},"modified":"2020-08-17T07:04:57","modified_gmt":"2020-08-17T07:04:57","slug":"exposition-sainte-jeanne-d-arc-2020","status":"publish","type":"post","link":"https:\/\/www.cine-art-loisir.com\/blog\/2020\/08\/04\/exposition-sainte-jeanne-d-arc-2020\/","title":{"rendered":"Exposition \u00ab&nbsp;Sainte Jeanne d\u2019Arc&nbsp;\u00bb \u2013 2020"},"content":{"rendered":"\n<p>Comme tous les 15 ao\u00fbt, la Ferme aux mille lumi\u00e8res pr\u00e9sente des expositions sur le th\u00e8me des grands saints de l\u2019\u00c9glise catholique.<\/p>\n\n\n\n<p>Cette ann\u00e9e, \u00e0 l\u2019occasion du centenaire de la canonisation de sainte Jeanne d\u2019Arc (1920-2020), trois sc\u00e8nes ont \u00e9t\u00e9 r\u00e9alis\u00e9es&nbsp;: la petite berg\u00e8re, contre l&rsquo;ennemi, le b\u00fbcher.<\/p>\n\n\n\n<h2 class=\"wp-block-heading\">Sainte Jeanne, la petite berg\u00e8re<\/h2>\n\n\n\n<p>Jeanne est n\u00e9e \u00e0 Domremy et a \u00e9t\u00e9 baptis\u00e9e dans l\u2019\u00e9glise de Saint-Remy. Son p\u00e8re s\u2019appelait Jacques d\u2019Arc et sa m\u00e8re Isabelette&nbsp;; c\u2019\u00e9taient de bons et fid\u00e8les catholiques et de bons laboureurs, de bonne r\u00e9putation et d\u2019honn\u00eate conversation.<\/p>\n\n\n\n<figure class=\"wp-block-image size-large\"><img data-recalc-dims=\"1\" loading=\"lazy\" decoding=\"async\" width=\"780\" height=\"558\" src=\"https:\/\/i0.wp.com\/www.cine-art-loisir.com\/blog\/wp-content\/uploads\/2020\/08\/JEANNE-ENFANT-012.jpg?resize=780%2C558&#038;ssl=1\" alt=\"\" class=\"wp-image-5332\" srcset=\"https:\/\/i0.wp.com\/www.cine-art-loisir.com\/blog\/wp-content\/uploads\/2020\/08\/JEANNE-ENFANT-012.jpg?resize=1024%2C732&amp;ssl=1 1024w, https:\/\/i0.wp.com\/www.cine-art-loisir.com\/blog\/wp-content\/uploads\/2020\/08\/JEANNE-ENFANT-012.jpg?resize=300%2C214&amp;ssl=1 300w, https:\/\/i0.wp.com\/www.cine-art-loisir.com\/blog\/wp-content\/uploads\/2020\/08\/JEANNE-ENFANT-012.jpg?resize=768%2C549&amp;ssl=1 768w, https:\/\/i0.wp.com\/www.cine-art-loisir.com\/blog\/wp-content\/uploads\/2020\/08\/JEANNE-ENFANT-012.jpg?w=1111&amp;ssl=1 1111w\" sizes=\"auto, (max-width: 780px) 100vw, 780px\" \/><\/figure>\n\n\n\n<p>En son premier \u00e2ge, elle \u00e9tait bien et convenablement \u00e9lev\u00e9e dans la foi et les bonnes m\u0153urs, et telle que presque tous les habitants de Domremy l\u2019aimaient&nbsp;; et Jeannette connaissait sa croyance, le Notre P\u00e8re, l\u2019Ave Maria, comme le savent les fillettes de son \u00e2ge. Quand elle entendait sonner la messe et qu\u2019elle \u00e9tait aux champs, elle s\u2019en venait \u00e0 la ville et \u00e0 l\u2019\u00e9glise pour entendre la messe.<\/p>\n\n\n\n<p>Dans sa jeunesse et jusqu\u2019au moment o\u00f9 elle a quitt\u00e9 la maison de son p\u00e8re, elle allait \u00e0 la charrue et gardait parfois les animaux aux champs, et faisait les ouvrages de femme, filer et tout le reste. Elle travaillait volontiers, veillait \u00e0 la nourriture des b\u00eates, s\u2019occupait volontiers des animaux de la maison de son p\u00e8re, filait et faisait les travaux de la maison.<\/p>\n\n\n\n<p>Jeanne \u00e9tait bonne, simple, douce fille, de bonne conduite. Elle allait volontiers \u00e0 l\u2019\u00e9glise, car, presque chaque samedi apr\u00e8s-midi, avec sa s\u0153ur et d\u2019autres femmes, elle allait \u00e0 l\u2019ermitage de Notre-Dame de Bermont et portait des cierges&nbsp;; elle \u00e9tait tr\u00e8s d\u00e9vote envers Dieu et la bienheureuse Vierge.<\/p>\n\n\n\n<p>J\u2019ai entendu dire par messire Guillaume Front, autrefois cur\u00e9 de la paroisse, que Jeanne \u00e9tait bonne catholique, qu\u2019il n\u2019en avait jamais vu meilleure et n\u2019avait meilleure en sa paroisse.<\/p>\n\n\n\n<p>D\u2019apr\u00e8s R\u00e9gine Pernoud, <em>Jeanne d\u2019Arc par elle-m\u00eame et par ses t\u00e9moins.<\/em><\/p>\n\n\n\n<h2 class=\"wp-block-heading\">Sainte Jeanne contre l\u2019ennemi<\/h2>\n\n\n\n<p>Jeanne&nbsp;: \u00ab&nbsp;Quand j\u2019eus l\u2019\u00e2ge de treize ans, j\u2019ai eu une voix de Dieu pour m\u2019aider \u00e0 me gouverner. La voix m\u2019\u00e9tait envoy\u00e9e de par Dieu et, apr\u00e8s que j\u2019aie entendu trois fois cette voix, j\u2019ai connu que c\u2019\u00e9tait la voix d\u2019un ange. Cette voix m\u2019a toujours bien gard\u00e9e et je l\u2019ai toujours bien comprise. Elle me disait que j\u2019irais en France et je ne pouvais durer o\u00f9 j\u2019\u00e9tais, que je l\u00e8verais le si\u00e8ge mis devant la cit\u00e9 d\u2019Orl\u00e9ans. La voix m\u2019a dit aussi que je m\u2019en aille \u00e0 Robert de Baudricourt dans la forteresse de Vaucouleurs, qu\u2019il me donne des gens pour aller avec moi. Et moi, je lui ai r\u00e9pondu que j\u2019\u00e9tais une pauvre fille qui ne savait chevaucher ni conduire la guerre.&nbsp;\u00bb<\/p>\n\n\n\n<figure class=\"wp-block-image size-large\"><img data-recalc-dims=\"1\" loading=\"lazy\" decoding=\"async\" width=\"780\" height=\"585\" src=\"https:\/\/i0.wp.com\/www.cine-art-loisir.com\/blog\/wp-content\/uploads\/2020\/08\/JEANNE-ENFANT-019.jpg?resize=780%2C585&#038;ssl=1\" alt=\"\" class=\"wp-image-5333\" srcset=\"https:\/\/i0.wp.com\/www.cine-art-loisir.com\/blog\/wp-content\/uploads\/2020\/08\/JEANNE-ENFANT-019.jpg?resize=1024%2C768&amp;ssl=1 1024w, https:\/\/i0.wp.com\/www.cine-art-loisir.com\/blog\/wp-content\/uploads\/2020\/08\/JEANNE-ENFANT-019.jpg?resize=300%2C225&amp;ssl=1 300w, https:\/\/i0.wp.com\/www.cine-art-loisir.com\/blog\/wp-content\/uploads\/2020\/08\/JEANNE-ENFANT-019.jpg?resize=768%2C576&amp;ssl=1 768w, https:\/\/i0.wp.com\/www.cine-art-loisir.com\/blog\/wp-content\/uploads\/2020\/08\/JEANNE-ENFANT-019.jpg?w=1111&amp;ssl=1 1111w\" sizes=\"auto, (max-width: 780px) 100vw, 780px\" \/><\/figure>\n\n\n\n<p>Quand Jeanne la Pucelle fut parvenue \u00e0 Vaucouleurs, Catherine Le Royer lui dit&nbsp;: \u00ab&nbsp;Ma mie, que faites-vous ici&nbsp;? Ne faut-il pas que le roi soit jet\u00e9 hors du royaume et que nous soyons Anglais&nbsp;?&nbsp;\u00bb Et la Pucelle r\u00e9pondit&nbsp;: \u00ab&nbsp;Je suis venue ici pour parler \u00e0 Robert de Baudricourt pour qu\u2019il veuille me conduire au roi, mais il ne fait pas attention \u00e0 mes paroles. Et pourtant, avant que ce soit mi-car\u00eame, il faut que je sois aupr\u00e8s du roi, duss\u00e9-je m\u2019y user les pieds jusqu\u2019aux genoux. Il n\u2019y a, en effet, personne au monde, ni roi, ni du duc, ni fille du roi d\u2019\u00c9cosse, ou autre qui puisse recouvrir le royaume de France. Et il n\u2019aura secours si ce n\u2019est de moi. Bien que j\u2019eusse bien pr\u00e9f\u00e9r\u00e9 rester \u00e0 filer aupr\u00e8s de ma pauvre m\u00e8re, car ce n\u2019est pas mon \u00e9tat, mais il faut que j\u2019aille et que je fasse cela, car mon Seigneur veut que j\u2019agisse ainsi.&nbsp;\u00bb<\/p>\n\n\n\n<p>Lorsqu\u2019ils revinrent, des habitants de la ville lui firent faire une tunique, des chausses, des houseaux, des \u00e9perons, une \u00e9p\u00e9e et autres choses semblables, et lui achet\u00e8rent un cheval, et Jean de Metz, Bertrand de Poulengy, Colet de Vienne avec trois autres, la conduisirent au lieu o\u00f9 \u00e9tait le dauphin. Je les ai vus monter \u00e0 cheval pour s\u2019en aller<\/p>\n\n\n\n<p>D\u2019apr\u00e8s R\u00e9gine Pernoud, <em>Jeanne d\u2019Arc par elle-m\u00eame et par ses t\u00e9moins.<\/em><\/p>\n\n\n\n<h2 class=\"wp-block-heading\">Sainte Jeanne au b\u00fbcher<\/h2>\n\n\n\n<p>\u00ab&nbsp;Quand elle fut d\u00e9laiss\u00e9e par l\u2019\u00c9glise, j\u2019\u00e9tais encore avec elle et, avec grande d\u00e9votion, elle demanda \u00e0 avoir la croix. Entendant cela, un Anglais qui \u00e9tait pr\u00e9sent en fit une petite en bois du bout d\u2019un b\u00e2ton qu\u2019il lui donna et d\u00e9votement elle la re\u00e7ut et baisa en faisant pieuses lamentations \u00e0 Dieu notre r\u00e9dempteur qui avait souffert en la croix pour notre r\u00e9demption.<\/p>\n\n\n\n<figure class=\"wp-block-image size-large\"><img data-recalc-dims=\"1\" loading=\"lazy\" decoding=\"async\" width=\"780\" height=\"518\" src=\"https:\/\/i0.wp.com\/www.cine-art-loisir.com\/blog\/wp-content\/uploads\/2020\/08\/DSC01485.jpg?resize=780%2C518&#038;ssl=1\" alt=\"\" class=\"wp-image-5334\" srcset=\"https:\/\/i0.wp.com\/www.cine-art-loisir.com\/blog\/wp-content\/uploads\/2020\/08\/DSC01485.jpg?resize=1024%2C680&amp;ssl=1 1024w, https:\/\/i0.wp.com\/www.cine-art-loisir.com\/blog\/wp-content\/uploads\/2020\/08\/DSC01485.jpg?resize=300%2C199&amp;ssl=1 300w, https:\/\/i0.wp.com\/www.cine-art-loisir.com\/blog\/wp-content\/uploads\/2020\/08\/DSC01485.jpg?resize=768%2C510&amp;ssl=1 768w, https:\/\/i0.wp.com\/www.cine-art-loisir.com\/blog\/wp-content\/uploads\/2020\/08\/DSC01485.jpg?w=1111&amp;ssl=1 1111w\" sizes=\"auto, (max-width: 780px) 100vw, 780px\" \/><\/figure>\n\n\n\n<p>\u00ab&nbsp;Et elle demanda humblement que je lui fisse avoir la croix de l\u2019\u00e9glise afin que continuellement elle la p\u00fbt voir jusqu\u2019\u00e0 la mort. Et je le fis tant que le clerc de la paroisse Saint-Sauveur la lui apporta. Laquelle apport\u00e9e, elle l\u2019embrassa fort \u00e9troitement et longuement et la d\u00e9tint jusqu\u2019\u00e0 ce qu\u2019elle f\u00fbt li\u00e9e \u00e0 l\u2019attache.&nbsp;\u00bb<\/p>\n\n\n\n<p>Jean Massieu, cit\u00e9 par R\u00e9gine Pernoud dans Jeanne d\u2019Arc par elle-m\u00eame et par ses t\u00e9moins.<\/p>\n\n\n\n<p>Le jour o\u00f9 Jeanne fut br\u00fbl\u00e9e, le bois \u00e9tait pr\u00e9par\u00e9 pour la br\u00fbler avant que le sermon soit fini et que la sentence ait \u00e9t\u00e9 prononc\u00e9e. Et aussit\u00f4t la sentence port\u00e9e par l\u2019\u00e9v\u00eaque, sans aucun d\u00e9lai, elle fut conduite vers le feu, et je n\u2019ai pas vu qu\u2019il y ait eu aucune sentence port\u00e9e par le juge la\u00efque. Mais elle fut imm\u00e9diatement conduite au feu.<\/p>\n\n\n\n<p>Une fois dans le feu, elle cria plus de six fois&nbsp;: \u201cJ\u00e9sus\u201d et surtout en son dernier souffle, elle cria d\u2019une voix forte \u201cJ\u00e9sus&nbsp;!\u201d au point que tous les assistants purent l\u2019entendre. Presque tous pleuraient de piti\u00e9 et j\u2019ai entendu dire que les cendres, apr\u00e8s sa combustion, furent rassembl\u00e9es et jet\u00e9es dans la Seine.<\/p>\n\n\n\n<p>D\u2019apr\u00e8s R\u00e9gine Pernoud, <em>Jeanne d\u2019Arc par elle-m\u00eame et par ses t\u00e9moins.<\/em><\/p>\n\n\n\n<div style=\"position:relative;width:100%;height:0;padding-bottom:56.2%;\"><iframe loading=\"lazy\" src=\"https:\/\/gloria.tv\/post\/fBNC6gEk8nnt3r44W8FPw4MP1\/embed\" scrolling=\"no\" allowfullscreen=\"\" style=\"position:absolute;top:0;right:0;bottom:0;left:0;height:100%;width:100%;\" width=\"1280\" height=\"720\" frameborder=\"0\"><\/iframe><\/div>\n\n\n\n<hr class=\"wp-block-separator\"\/>\n\n\n\n<p>Sainte Jeanne d\u2019Arc a \u00e9t\u00e9 canonis\u00e9e 500 ans apr\u00e8s sa mort. C\u2019est le pape Beno\u00eet XV qui \u00e9leva Jeanne d\u2019Arc au rang de sainte, le 17 mai 1920.<\/p>\n","protected":false},"excerpt":{"rendered":"<p>Comme tous les 15 ao\u00fbt, la Ferme aux mille lumi\u00e8res pr\u00e9sente des expositions sur le th\u00e8me des grands saints de l\u2019\u00c9glise catholique. Cette ann\u00e9e, \u00e0 l\u2019occasion du centenaire de la canonisation de sainte Jeanne d\u2019Arc (1920-2020), trois sc\u00e8nes ont \u00e9t\u00e9 r\u00e9alis\u00e9es&nbsp;: la petite berg\u00e8re, contre l&rsquo;ennemi, le b\u00fbcher. Sainte Jeanne, la petite berg\u00e8re Jeanne est <a class=\"more-link\" href=\"https:\/\/www.cine-art-loisir.com\/blog\/2020\/08\/04\/exposition-sainte-jeanne-d-arc-2020\/\">Lire plus &#8230;<\/a><\/p>\n","protected":false},"author":1,"featured_media":5333,"comment_status":"open","ping_status":"open","sticky":false,"template":"","format":"standard","meta":{"_jetpack_memberships_contains_paid_content":false,"footnotes":""},"categories":[39,15],"tags":[],"class_list":["post-5330","post","type-post","status-publish","format-standard","has-post-thumbnail","hentry","category-15-aout","category-expositions-religieuses"],"yoast_head":"<!-- This site is optimized with the Yoast SEO plugin v27.5 - https:\/\/yoast.com\/product\/yoast-seo-wordpress\/ -->\n<title>Exposition \u00ab Sainte Jeanne d\u2019Arc \u00bb \u2013 2020 - Cin\u00e9 Art Loisir<\/title>\n<meta name=\"robots\" content=\"index, follow, max-snippet:-1, max-image-preview:large, max-video-preview:-1\" \/>\n<link rel=\"canonical\" href=\"https:\/\/www.cine-art-loisir.com\/blog\/2020\/08\/04\/exposition-sainte-jeanne-d-arc-2020\/\" \/>\n<meta property=\"og:locale\" content=\"fr_FR\" \/>\n<meta property=\"og:type\" content=\"article\" \/>\n<meta property=\"og:title\" content=\"Exposition \u00ab Sainte Jeanne d\u2019Arc \u00bb \u2013 2020 - Cin\u00e9 Art Loisir\" \/>\n<meta property=\"og:description\" content=\"Comme tous les 15 ao\u00fbt, la Ferme aux mille lumi\u00e8res pr\u00e9sente des expositions sur le th\u00e8me des grands saints de l\u2019\u00c9glise catholique. Cette ann\u00e9e, \u00e0 l\u2019occasion du centenaire de la canonisation de sainte Jeanne d\u2019Arc (1920-2020), trois sc\u00e8nes ont \u00e9t\u00e9 r\u00e9alis\u00e9es&nbsp;: la petite berg\u00e8re, contre l&rsquo;ennemi, le b\u00fbcher. Sainte Jeanne, la petite berg\u00e8re Jeanne est Lire plus ...\" \/>\n<meta property=\"og:url\" content=\"https:\/\/www.cine-art-loisir.com\/blog\/2020\/08\/04\/exposition-sainte-jeanne-d-arc-2020\/\" \/>\n<meta property=\"og:site_name\" content=\"Cin\u00e9 Art Loisir\" \/>\n<meta property=\"article:published_time\" content=\"2020-08-04T21:42:33+00:00\" \/>\n<meta property=\"article:modified_time\" content=\"2020-08-17T07:04:57+00:00\" \/>\n<meta property=\"og:image\" content=\"https:\/\/www.cine-art-loisir.com\/blog\/wp-content\/uploads\/2020\/08\/JEANNE-ENFANT-019.jpg\" \/>\n\t<meta property=\"og:image:width\" content=\"1111\" \/>\n\t<meta property=\"og:image:height\" content=\"833\" \/>\n\t<meta property=\"og:image:type\" content=\"image\/jpeg\" \/>\n<meta name=\"author\" content=\"Fremiot\" \/>\n<meta name=\"twitter:card\" content=\"summary_large_image\" \/>\n<meta name=\"twitter:label1\" content=\"\u00c9crit par\" \/>\n\t<meta name=\"twitter:data1\" content=\"Fremiot\" \/>\n\t<meta name=\"twitter:label2\" content=\"Dur\u00e9e de lecture estim\u00e9e\" \/>\n\t<meta name=\"twitter:data2\" content=\"6 minutes\" \/>\n<script type=\"application\/ld+json\" class=\"yoast-schema-graph\">{\"@context\":\"https:\\\/\\\/schema.org\",\"@graph\":[{\"@type\":\"Article\",\"@id\":\"https:\\\/\\\/www.cine-art-loisir.com\\\/blog\\\/2020\\\/08\\\/04\\\/exposition-sainte-jeanne-d-arc-2020\\\/#article\",\"isPartOf\":{\"@id\":\"https:\\\/\\\/www.cine-art-loisir.com\\\/blog\\\/2020\\\/08\\\/04\\\/exposition-sainte-jeanne-d-arc-2020\\\/\"},\"author\":{\"name\":\"Fremiot\",\"@id\":\"https:\\\/\\\/www.cine-art-loisir.com\\\/blog\\\/#\\\/schema\\\/person\\\/3cc5b9cb07ff09e86edbe2b13b7fe969\"},\"headline\":\"Exposition \u00ab&nbsp;Sainte Jeanne d\u2019Arc&nbsp;\u00bb \u2013 2020\",\"datePublished\":\"2020-08-04T21:42:33+00:00\",\"dateModified\":\"2020-08-17T07:04:57+00:00\",\"mainEntityOfPage\":{\"@id\":\"https:\\\/\\\/www.cine-art-loisir.com\\\/blog\\\/2020\\\/08\\\/04\\\/exposition-sainte-jeanne-d-arc-2020\\\/\"},\"wordCount\":1133,\"commentCount\":0,\"publisher\":{\"@id\":\"https:\\\/\\\/www.cine-art-loisir.com\\\/blog\\\/#organization\"},\"image\":{\"@id\":\"https:\\\/\\\/www.cine-art-loisir.com\\\/blog\\\/2020\\\/08\\\/04\\\/exposition-sainte-jeanne-d-arc-2020\\\/#primaryimage\"},\"thumbnailUrl\":\"https:\\\/\\\/i0.wp.com\\\/www.cine-art-loisir.com\\\/blog\\\/wp-content\\\/uploads\\\/2020\\\/08\\\/JEANNE-ENFANT-019.jpg?fit=1111%2C833&ssl=1\",\"articleSection\":[\"Assomption (15 ao\u00fbt)\",\"Expositions religieuses\"],\"inLanguage\":\"fr-FR\",\"potentialAction\":[{\"@type\":\"CommentAction\",\"name\":\"Comment\",\"target\":[\"https:\\\/\\\/www.cine-art-loisir.com\\\/blog\\\/2020\\\/08\\\/04\\\/exposition-sainte-jeanne-d-arc-2020\\\/#respond\"]}]},{\"@type\":\"WebPage\",\"@id\":\"https:\\\/\\\/www.cine-art-loisir.com\\\/blog\\\/2020\\\/08\\\/04\\\/exposition-sainte-jeanne-d-arc-2020\\\/\",\"url\":\"https:\\\/\\\/www.cine-art-loisir.com\\\/blog\\\/2020\\\/08\\\/04\\\/exposition-sainte-jeanne-d-arc-2020\\\/\",\"name\":\"Exposition \u00ab Sainte Jeanne d\u2019Arc \u00bb \u2013 2020 - Cin\u00e9 Art Loisir\",\"isPartOf\":{\"@id\":\"https:\\\/\\\/www.cine-art-loisir.com\\\/blog\\\/#website\"},\"primaryImageOfPage\":{\"@id\":\"https:\\\/\\\/www.cine-art-loisir.com\\\/blog\\\/2020\\\/08\\\/04\\\/exposition-sainte-jeanne-d-arc-2020\\\/#primaryimage\"},\"image\":{\"@id\":\"https:\\\/\\\/www.cine-art-loisir.com\\\/blog\\\/2020\\\/08\\\/04\\\/exposition-sainte-jeanne-d-arc-2020\\\/#primaryimage\"},\"thumbnailUrl\":\"https:\\\/\\\/i0.wp.com\\\/www.cine-art-loisir.com\\\/blog\\\/wp-content\\\/uploads\\\/2020\\\/08\\\/JEANNE-ENFANT-019.jpg?fit=1111%2C833&ssl=1\",\"datePublished\":\"2020-08-04T21:42:33+00:00\",\"dateModified\":\"2020-08-17T07:04:57+00:00\",\"breadcrumb\":{\"@id\":\"https:\\\/\\\/www.cine-art-loisir.com\\\/blog\\\/2020\\\/08\\\/04\\\/exposition-sainte-jeanne-d-arc-2020\\\/#breadcrumb\"},\"inLanguage\":\"fr-FR\",\"potentialAction\":[{\"@type\":\"ReadAction\",\"target\":[\"https:\\\/\\\/www.cine-art-loisir.com\\\/blog\\\/2020\\\/08\\\/04\\\/exposition-sainte-jeanne-d-arc-2020\\\/\"]}]},{\"@type\":\"ImageObject\",\"inLanguage\":\"fr-FR\",\"@id\":\"https:\\\/\\\/www.cine-art-loisir.com\\\/blog\\\/2020\\\/08\\\/04\\\/exposition-sainte-jeanne-d-arc-2020\\\/#primaryimage\",\"url\":\"https:\\\/\\\/i0.wp.com\\\/www.cine-art-loisir.com\\\/blog\\\/wp-content\\\/uploads\\\/2020\\\/08\\\/JEANNE-ENFANT-019.jpg?fit=1111%2C833&ssl=1\",\"contentUrl\":\"https:\\\/\\\/i0.wp.com\\\/www.cine-art-loisir.com\\\/blog\\\/wp-content\\\/uploads\\\/2020\\\/08\\\/JEANNE-ENFANT-019.jpg?fit=1111%2C833&ssl=1\",\"width\":1111,\"height\":833},{\"@type\":\"BreadcrumbList\",\"@id\":\"https:\\\/\\\/www.cine-art-loisir.com\\\/blog\\\/2020\\\/08\\\/04\\\/exposition-sainte-jeanne-d-arc-2020\\\/#breadcrumb\",\"itemListElement\":[{\"@type\":\"ListItem\",\"position\":1,\"name\":\"Accueil\",\"item\":\"https:\\\/\\\/www.cine-art-loisir.com\\\/blog\\\/\"},{\"@type\":\"ListItem\",\"position\":2,\"name\":\"Exposition \u00ab&nbsp;Sainte Jeanne d\u2019Arc&nbsp;\u00bb \u2013 2020\"}]},{\"@type\":\"WebSite\",\"@id\":\"https:\\\/\\\/www.cine-art-loisir.com\\\/blog\\\/#website\",\"url\":\"https:\\\/\\\/www.cine-art-loisir.com\\\/blog\\\/\",\"name\":\"Cin\u00e9 Art Loisir\",\"description\":\"Spectacles - Films - Reportages - Documentaires monastiques - Expositions\",\"publisher\":{\"@id\":\"https:\\\/\\\/www.cine-art-loisir.com\\\/blog\\\/#organization\"},\"potentialAction\":[{\"@type\":\"SearchAction\",\"target\":{\"@type\":\"EntryPoint\",\"urlTemplate\":\"https:\\\/\\\/www.cine-art-loisir.com\\\/blog\\\/?s={search_term_string}\"},\"query-input\":{\"@type\":\"PropertyValueSpecification\",\"valueRequired\":true,\"valueName\":\"search_term_string\"}}],\"inLanguage\":\"fr-FR\"},{\"@type\":\"Organization\",\"@id\":\"https:\\\/\\\/www.cine-art-loisir.com\\\/blog\\\/#organization\",\"name\":\"Cin\u00e9 Art Loisir\",\"url\":\"https:\\\/\\\/www.cine-art-loisir.com\\\/blog\\\/\",\"logo\":{\"@type\":\"ImageObject\",\"inLanguage\":\"fr-FR\",\"@id\":\"https:\\\/\\\/www.cine-art-loisir.com\\\/blog\\\/#\\\/schema\\\/logo\\\/image\\\/\",\"url\":\"https:\\\/\\\/i0.wp.com\\\/www.cine-art-loisir.com\\\/blog\\\/wp-content\\\/uploads\\\/2025\\\/11\\\/cropped-Logo-CAL-2025-150px.webp?fit=150%2C150&ssl=1\",\"contentUrl\":\"https:\\\/\\\/i0.wp.com\\\/www.cine-art-loisir.com\\\/blog\\\/wp-content\\\/uploads\\\/2025\\\/11\\\/cropped-Logo-CAL-2025-150px.webp?fit=150%2C150&ssl=1\",\"width\":150,\"height\":150,\"caption\":\"Cin\u00e9 Art Loisir\"},\"image\":{\"@id\":\"https:\\\/\\\/www.cine-art-loisir.com\\\/blog\\\/#\\\/schema\\\/logo\\\/image\\\/\"}},{\"@type\":\"Person\",\"@id\":\"https:\\\/\\\/www.cine-art-loisir.com\\\/blog\\\/#\\\/schema\\\/person\\\/3cc5b9cb07ff09e86edbe2b13b7fe969\",\"name\":\"Fremiot\",\"image\":{\"@type\":\"ImageObject\",\"inLanguage\":\"fr-FR\",\"@id\":\"https:\\\/\\\/secure.gravatar.com\\\/avatar\\\/235eece3e685649d05bcb3ca0e207b850596b6d2ce1b3ad28fbf2ae603007f68?s=96&d=mm&r=g\",\"url\":\"https:\\\/\\\/secure.gravatar.com\\\/avatar\\\/235eece3e685649d05bcb3ca0e207b850596b6d2ce1b3ad28fbf2ae603007f68?s=96&d=mm&r=g\",\"contentUrl\":\"https:\\\/\\\/secure.gravatar.com\\\/avatar\\\/235eece3e685649d05bcb3ca0e207b850596b6d2ce1b3ad28fbf2ae603007f68?s=96&d=mm&r=g\",\"caption\":\"Fremiot\"},\"url\":\"https:\\\/\\\/www.cine-art-loisir.com\\\/blog\\\/author\\\/fremiot\\\/\"}]}<\/script>\n<!-- \/ Yoast SEO plugin. -->","yoast_head_json":{"title":"Exposition \u00ab Sainte Jeanne d\u2019Arc \u00bb \u2013 2020 - Cin\u00e9 Art Loisir","robots":{"index":"index","follow":"follow","max-snippet":"max-snippet:-1","max-image-preview":"max-image-preview:large","max-video-preview":"max-video-preview:-1"},"canonical":"https:\/\/www.cine-art-loisir.com\/blog\/2020\/08\/04\/exposition-sainte-jeanne-d-arc-2020\/","og_locale":"fr_FR","og_type":"article","og_title":"Exposition \u00ab Sainte Jeanne d\u2019Arc \u00bb \u2013 2020 - Cin\u00e9 Art Loisir","og_description":"Comme tous les 15 ao\u00fbt, la Ferme aux mille lumi\u00e8res pr\u00e9sente des expositions sur le th\u00e8me des grands saints de l\u2019\u00c9glise catholique. Cette ann\u00e9e, \u00e0 l\u2019occasion du centenaire de la canonisation de sainte Jeanne d\u2019Arc (1920-2020), trois sc\u00e8nes ont \u00e9t\u00e9 r\u00e9alis\u00e9es&nbsp;: la petite berg\u00e8re, contre l&rsquo;ennemi, le b\u00fbcher. Sainte Jeanne, la petite berg\u00e8re Jeanne est Lire plus ...","og_url":"https:\/\/www.cine-art-loisir.com\/blog\/2020\/08\/04\/exposition-sainte-jeanne-d-arc-2020\/","og_site_name":"Cin\u00e9 Art Loisir","article_published_time":"2020-08-04T21:42:33+00:00","article_modified_time":"2020-08-17T07:04:57+00:00","og_image":[{"width":1111,"height":833,"url":"https:\/\/www.cine-art-loisir.com\/blog\/wp-content\/uploads\/2020\/08\/JEANNE-ENFANT-019.jpg","type":"image\/jpeg"}],"author":"Fremiot","twitter_card":"summary_large_image","twitter_misc":{"\u00c9crit par":"Fremiot","Dur\u00e9e de lecture estim\u00e9e":"6 minutes"},"schema":{"@context":"https:\/\/schema.org","@graph":[{"@type":"Article","@id":"https:\/\/www.cine-art-loisir.com\/blog\/2020\/08\/04\/exposition-sainte-jeanne-d-arc-2020\/#article","isPartOf":{"@id":"https:\/\/www.cine-art-loisir.com\/blog\/2020\/08\/04\/exposition-sainte-jeanne-d-arc-2020\/"},"author":{"name":"Fremiot","@id":"https:\/\/www.cine-art-loisir.com\/blog\/#\/schema\/person\/3cc5b9cb07ff09e86edbe2b13b7fe969"},"headline":"Exposition \u00ab&nbsp;Sainte Jeanne d\u2019Arc&nbsp;\u00bb \u2013 2020","datePublished":"2020-08-04T21:42:33+00:00","dateModified":"2020-08-17T07:04:57+00:00","mainEntityOfPage":{"@id":"https:\/\/www.cine-art-loisir.com\/blog\/2020\/08\/04\/exposition-sainte-jeanne-d-arc-2020\/"},"wordCount":1133,"commentCount":0,"publisher":{"@id":"https:\/\/www.cine-art-loisir.com\/blog\/#organization"},"image":{"@id":"https:\/\/www.cine-art-loisir.com\/blog\/2020\/08\/04\/exposition-sainte-jeanne-d-arc-2020\/#primaryimage"},"thumbnailUrl":"https:\/\/i0.wp.com\/www.cine-art-loisir.com\/blog\/wp-content\/uploads\/2020\/08\/JEANNE-ENFANT-019.jpg?fit=1111%2C833&ssl=1","articleSection":["Assomption (15 ao\u00fbt)","Expositions religieuses"],"inLanguage":"fr-FR","potentialAction":[{"@type":"CommentAction","name":"Comment","target":["https:\/\/www.cine-art-loisir.com\/blog\/2020\/08\/04\/exposition-sainte-jeanne-d-arc-2020\/#respond"]}]},{"@type":"WebPage","@id":"https:\/\/www.cine-art-loisir.com\/blog\/2020\/08\/04\/exposition-sainte-jeanne-d-arc-2020\/","url":"https:\/\/www.cine-art-loisir.com\/blog\/2020\/08\/04\/exposition-sainte-jeanne-d-arc-2020\/","name":"Exposition \u00ab Sainte Jeanne d\u2019Arc \u00bb \u2013 2020 - Cin\u00e9 Art Loisir","isPartOf":{"@id":"https:\/\/www.cine-art-loisir.com\/blog\/#website"},"primaryImageOfPage":{"@id":"https:\/\/www.cine-art-loisir.com\/blog\/2020\/08\/04\/exposition-sainte-jeanne-d-arc-2020\/#primaryimage"},"image":{"@id":"https:\/\/www.cine-art-loisir.com\/blog\/2020\/08\/04\/exposition-sainte-jeanne-d-arc-2020\/#primaryimage"},"thumbnailUrl":"https:\/\/i0.wp.com\/www.cine-art-loisir.com\/blog\/wp-content\/uploads\/2020\/08\/JEANNE-ENFANT-019.jpg?fit=1111%2C833&ssl=1","datePublished":"2020-08-04T21:42:33+00:00","dateModified":"2020-08-17T07:04:57+00:00","breadcrumb":{"@id":"https:\/\/www.cine-art-loisir.com\/blog\/2020\/08\/04\/exposition-sainte-jeanne-d-arc-2020\/#breadcrumb"},"inLanguage":"fr-FR","potentialAction":[{"@type":"ReadAction","target":["https:\/\/www.cine-art-loisir.com\/blog\/2020\/08\/04\/exposition-sainte-jeanne-d-arc-2020\/"]}]},{"@type":"ImageObject","inLanguage":"fr-FR","@id":"https:\/\/www.cine-art-loisir.com\/blog\/2020\/08\/04\/exposition-sainte-jeanne-d-arc-2020\/#primaryimage","url":"https:\/\/i0.wp.com\/www.cine-art-loisir.com\/blog\/wp-content\/uploads\/2020\/08\/JEANNE-ENFANT-019.jpg?fit=1111%2C833&ssl=1","contentUrl":"https:\/\/i0.wp.com\/www.cine-art-loisir.com\/blog\/wp-content\/uploads\/2020\/08\/JEANNE-ENFANT-019.jpg?fit=1111%2C833&ssl=1","width":1111,"height":833},{"@type":"BreadcrumbList","@id":"https:\/\/www.cine-art-loisir.com\/blog\/2020\/08\/04\/exposition-sainte-jeanne-d-arc-2020\/#breadcrumb","itemListElement":[{"@type":"ListItem","position":1,"name":"Accueil","item":"https:\/\/www.cine-art-loisir.com\/blog\/"},{"@type":"ListItem","position":2,"name":"Exposition \u00ab&nbsp;Sainte Jeanne d\u2019Arc&nbsp;\u00bb \u2013 2020"}]},{"@type":"WebSite","@id":"https:\/\/www.cine-art-loisir.com\/blog\/#website","url":"https:\/\/www.cine-art-loisir.com\/blog\/","name":"Cin\u00e9 Art Loisir","description":"Spectacles - Films - Reportages - Documentaires monastiques - Expositions","publisher":{"@id":"https:\/\/www.cine-art-loisir.com\/blog\/#organization"},"potentialAction":[{"@type":"SearchAction","target":{"@type":"EntryPoint","urlTemplate":"https:\/\/www.cine-art-loisir.com\/blog\/?s={search_term_string}"},"query-input":{"@type":"PropertyValueSpecification","valueRequired":true,"valueName":"search_term_string"}}],"inLanguage":"fr-FR"},{"@type":"Organization","@id":"https:\/\/www.cine-art-loisir.com\/blog\/#organization","name":"Cin\u00e9 Art Loisir","url":"https:\/\/www.cine-art-loisir.com\/blog\/","logo":{"@type":"ImageObject","inLanguage":"fr-FR","@id":"https:\/\/www.cine-art-loisir.com\/blog\/#\/schema\/logo\/image\/","url":"https:\/\/i0.wp.com\/www.cine-art-loisir.com\/blog\/wp-content\/uploads\/2025\/11\/cropped-Logo-CAL-2025-150px.webp?fit=150%2C150&ssl=1","contentUrl":"https:\/\/i0.wp.com\/www.cine-art-loisir.com\/blog\/wp-content\/uploads\/2025\/11\/cropped-Logo-CAL-2025-150px.webp?fit=150%2C150&ssl=1","width":150,"height":150,"caption":"Cin\u00e9 Art Loisir"},"image":{"@id":"https:\/\/www.cine-art-loisir.com\/blog\/#\/schema\/logo\/image\/"}},{"@type":"Person","@id":"https:\/\/www.cine-art-loisir.com\/blog\/#\/schema\/person\/3cc5b9cb07ff09e86edbe2b13b7fe969","name":"Fremiot","image":{"@type":"ImageObject","inLanguage":"fr-FR","@id":"https:\/\/secure.gravatar.com\/avatar\/235eece3e685649d05bcb3ca0e207b850596b6d2ce1b3ad28fbf2ae603007f68?s=96&d=mm&r=g","url":"https:\/\/secure.gravatar.com\/avatar\/235eece3e685649d05bcb3ca0e207b850596b6d2ce1b3ad28fbf2ae603007f68?s=96&d=mm&r=g","contentUrl":"https:\/\/secure.gravatar.com\/avatar\/235eece3e685649d05bcb3ca0e207b850596b6d2ce1b3ad28fbf2ae603007f68?s=96&d=mm&r=g","caption":"Fremiot"},"url":"https:\/\/www.cine-art-loisir.com\/blog\/author\/fremiot\/"}]}},"jetpack_featured_media_url":"https:\/\/i0.wp.com\/www.cine-art-loisir.com\/blog\/wp-content\/uploads\/2020\/08\/JEANNE-ENFANT-019.jpg?fit=1111%2C833&ssl=1","jetpack_sharing_enabled":true,"_links":{"self":[{"href":"https:\/\/www.cine-art-loisir.com\/blog\/wp-json\/wp\/v2\/posts\/5330","targetHints":{"allow":["GET"]}}],"collection":[{"href":"https:\/\/www.cine-art-loisir.com\/blog\/wp-json\/wp\/v2\/posts"}],"about":[{"href":"https:\/\/www.cine-art-loisir.com\/blog\/wp-json\/wp\/v2\/types\/post"}],"author":[{"embeddable":true,"href":"https:\/\/www.cine-art-loisir.com\/blog\/wp-json\/wp\/v2\/users\/1"}],"replies":[{"embeddable":true,"href":"https:\/\/www.cine-art-loisir.com\/blog\/wp-json\/wp\/v2\/comments?post=5330"}],"version-history":[{"count":0,"href":"https:\/\/www.cine-art-loisir.com\/blog\/wp-json\/wp\/v2\/posts\/5330\/revisions"}],"wp:featuredmedia":[{"embeddable":true,"href":"https:\/\/www.cine-art-loisir.com\/blog\/wp-json\/wp\/v2\/media\/5333"}],"wp:attachment":[{"href":"https:\/\/www.cine-art-loisir.com\/blog\/wp-json\/wp\/v2\/media?parent=5330"}],"wp:term":[{"taxonomy":"category","embeddable":true,"href":"https:\/\/www.cine-art-loisir.com\/blog\/wp-json\/wp\/v2\/categories?post=5330"},{"taxonomy":"post_tag","embeddable":true,"href":"https:\/\/www.cine-art-loisir.com\/blog\/wp-json\/wp\/v2\/tags?post=5330"}],"curies":[{"name":"wp","href":"https:\/\/api.w.org\/{rel}","templated":true}]}}